{"id":17757,"date":"2023-09-14T22:51:04","date_gmt":"2023-09-14T20:51:04","guid":{"rendered":"https:\/\/gustafs.com\/?post_type=stories&#038;p=17757"},"modified":"2023-09-14T22:51:05","modified_gmt":"2023-09-14T20:51:05","slug":"curanten-framtidens-halsohus","status":"publish","type":"stories","link":"https:\/\/gustafs.com\/sv\/stories\/curanten-framtidens-halsohus\/","title":{"rendered":"Curanten: Framtidens h\u00e4lsohus"},"content":{"rendered":"\r\n<section class=\"hero small\">\r\n<div class=\"swiper swiper-hero swiper-hero-autoplay\" >\r\n\t\r\n        <div class=\"swiper-wrapper\">\r\n                                    <div class=\"swiper-slide has-image\">\r\n\r\n                                <div class=\"image\" style=\"background-image:url(https:\/\/gustafs.com\/wp-content\/uploads\/2023\/09\/curanten-exterior-hero-4-scaled.jpg)\"><\/div>\r\n                <div class=\"image responsive\" style=\"background-image:url(https:\/\/gustafs.com\/wp-content\/uploads\/2023\/09\/curanten-exterior-hero-4-720x900.jpg)\"><\/div>\r\n                \r\n                \r\n                                <div class=\"container\">\r\n                    <div class=\"content\">\r\n                        <h1>Curanten: Framtidens h\u00e4lsohus<\/h1>\n<p>Vi pratar med BAU Stockholm om deras helhetssyn p\u00e5 design f\u00f6r h\u00e4lso- och sjukv\u00e5rd.<\/p>\n                    <\/div>\r\n                <\/div>\r\n                \r\n            <\/div>\r\n                    <\/div>\r\n        <div class=\"container\"><div class=\"swiper-pagination\"><\/div><\/div>\r\n    <\/div>\r\n<\/section>\r\n\n\n\n<p style=\"font-style:italic;font-weight:400\">Curanten \u00e4r ett banbrytande h\u00e4lso- och v\u00e5rdcentrum i Stockholm, ritad av arkitekterna BAU Stockholm. Med fokus p\u00e5 integrerade tj\u00e4nster och sjukdomsf\u00f6rebyggande, f\u00f6r att inte tala om innovativa material, visar Curanten ett nyt\u00e4nkande i hur v\u00e5rdlokaler kan se ut och upplevas.<\/p>\n\n\n\n<section class=\"image-plus-text\">\n    <div class=\"container\">\n        <div class=\"row\">\n            \n            <div class=\"col-md-6 col-left col-image\">\n                                                        <div class=\"image \">\n                        <img decoding=\"async\"\n                            src=\"https:\/\/gustafs.com\/wp-content\/uploads\/2023\/09\/curanten-exterior-portrait-645x810.jpg\"\n                            alt=\"\"\n                            srcset=\"https:\/\/gustafs.com\/wp-content\/uploads\/2023\/09\/curanten-exterior-portrait-240x300.jpg 240w, https:\/\/gustafs.com\/wp-content\/uploads\/2023\/09\/curanten-exterior-portrait-818x1024.jpg 818w, https:\/\/gustafs.com\/wp-content\/uploads\/2023\/09\/curanten-exterior-portrait-768x962.jpg 768w, https:\/\/gustafs.com\/wp-content\/uploads\/2023\/09\/curanten-exterior-portrait-720x900.jpg 720w, https:\/\/gustafs.com\/wp-content\/uploads\/2023\/09\/curanten-exterior-portrait-645x810.jpg 645w, https:\/\/gustafs.com\/wp-content\/uploads\/2023\/09\/curanten-exterior-portrait-380x475.jpg 380w, https:\/\/gustafs.com\/wp-content\/uploads\/2023\/09\/curanten-exterior-portrait-845x1058.jpg 845w, https:\/\/gustafs.com\/wp-content\/uploads\/2023\/09\/curanten-exterior-portrait-635x795.jpg 635w, https:\/\/gustafs.com\/wp-content\/uploads\/2023\/09\/curanten-exterior-portrait-575x720.jpg 575w, https:\/\/gustafs.com\/wp-content\/uploads\/2023\/09\/curanten-exterior-portrait-485x607.jpg 485w, https:\/\/gustafs.com\/wp-content\/uploads\/2023\/09\/curanten-exterior-portrait-970x1215.jpg 970w, https:\/\/gustafs.com\/wp-content\/uploads\/2023\/09\/curanten-exterior-portrait-435x545.jpg 435w, https:\/\/gustafs.com\/wp-content\/uploads\/2023\/09\/curanten-exterior-portrait-870x1090.jpg 870w, https:\/\/gustafs.com\/wp-content\/uploads\/2023\/09\/curanten-exterior-portrait-415x520.jpg 415w, https:\/\/gustafs.com\/wp-content\/uploads\/2023\/09\/curanten-exterior-portrait-830x1040.jpg 830w, https:\/\/gustafs.com\/wp-content\/uploads\/2023\/09\/curanten-exterior-portrait-395x495.jpg 395w, https:\/\/gustafs.com\/wp-content\/uploads\/2023\/09\/curanten-exterior-portrait-790x989.jpg 790w, https:\/\/gustafs.com\/wp-content\/uploads\/2023\/09\/curanten-exterior-portrait-363x455.jpg 363w, https:\/\/gustafs.com\/wp-content\/uploads\/2023\/09\/curanten-exterior-portrait-726x909.jpg 726w, https:\/\/gustafs.com\/wp-content\/uploads\/2023\/09\/curanten-exterior-portrait-275x344.jpg 275w, https:\/\/gustafs.com\/wp-content\/uploads\/2023\/09\/curanten-exterior-portrait-550x689.jpg 550w, https:\/\/gustafs.com\/wp-content\/uploads\/2023\/09\/curanten-exterior-portrait-273x342.jpg 273w, https:\/\/gustafs.com\/wp-content\/uploads\/2023\/09\/curanten-exterior-portrait-546x684.jpg 546w, https:\/\/gustafs.com\/wp-content\/uploads\/2023\/09\/curanten-exterior-portrait-183x229.jpg 183w, https:\/\/gustafs.com\/wp-content\/uploads\/2023\/09\/curanten-exterior-portrait-366x458.jpg 366w, https:\/\/gustafs.com\/wp-content\/uploads\/2023\/09\/curanten-exterior-portrait-113x142.jpg 113w, https:\/\/gustafs.com\/wp-content\/uploads\/2023\/09\/curanten-exterior-portrait-226x283.jpg 226w, https:\/\/gustafs.com\/wp-content\/uploads\/2023\/09\/curanten-exterior-portrait.jpg 1030w\"\n                            sizes=\"\n                                                        (min-width: 1440px) 635px,\n                            (min-width: 1400px) 575px,\n                            (min-width: 1200px) 485px,\n                            (min-width: 992px) 395px,\n                            (min-width: 768px) 275px,\n                            100vw\n                                                        \"\n                        >\n                    <\/div>\n                                                                                            <div class=\"content-wrapper\">\n                                    <\/div>              \n            <\/div>\n            \n            <div class=\"col-md-6 col-right col-text\">\n                                <div class=\"content-wrapper\">\n                                                                    <div class=\"title\">CORTENST\u00c5L<\/div>\n                                                <div class=\"content\">\n                                                        <div class=\"text font-16px\"><h3>Industriellt inflytande<\/h3>\n<p>V\u00e5rdanl\u00e4ggningen Curanten i Sickla, Stockholm, \u00e4r ett riktm\u00e4rke f\u00f6r branschen. Dess design, av svenska studion <a href=\"https:\/\/bau.se\/\">BAU<\/a>, tar sin inspiration fr\u00e5n omr\u00e5dets industriella arv. Byggnadens tv\u00e5 f\u00f6rsta v\u00e5ningar \u00e4r delvis byggda av den ursprungliga fabriken som en g\u00e5ng stod p\u00e5 platsen. Butiksytor upptar nu dessa v\u00e5ningar.<\/p>\n<p>Ovanf\u00f6r de tv\u00e5 bottenv\u00e5ningarna forts\u00e4tter en modern byggnad kl\u00e4dd i cortenst\u00e5l, ett material valt f\u00f6r att ge en koppling till Sicklas f\u00f6rflutna och \u00e4ven till tegelstenen i den ursprungliga byggnaden. \u201cDet \u00e4r uppenbart att det h\u00e4nder n\u00e5got nytt h\u00e4r. Att byggnaden har f\u00e5tt en ny funktion,\u201d f\u00f6rklarar Hans Birkholz, en av BAU:s grundare, och till\u00e4gger att byggherren Atrium Ljungberg var tydliga fr\u00e5n b\u00f6rjan med att designen skulle vara av h\u00f6gre kvalitet \u00e4n en vanlig v\u00e5rdmilj\u00f6.<\/p>\n<p><em>Foto: Max Plunger<\/em><\/p>\n<\/div>\n                                                                                <\/div>\n                                    <\/div>              \n            <\/div>\n            \n        <\/div>\n    <\/div>\n<\/section>\n\n\n\n<p><\/p>\n\n\n\n<section class=\"image-plus-text\">\n    <div class=\"container\">\n        <div class=\"row\">\n            \n            <div class=\"col-md-6 col-left col-text\">\n                                <div class=\"content-wrapper\">\n                                                                    <div class=\"title\">MEDVETNA VAL<\/div>\n                                                <div class=\"content\">\n                                                        <div class=\"text font-16px\"><h3>M\u00e5nga kompetenser under ett och samma tak<\/h3>\n<p>P\u00e5 Curanten finns ett mycket mer samlat syns\u00e4tt p\u00e5 sjukv\u00e5rden, med bland annat v\u00e5rdcentral, barn- och m\u00f6drav\u00e5rdscentraler, tandl\u00e4kare, sjukgymnaster, dietister och gym p\u00e5 ett och samma st\u00e4lle. \u201dDet finns utrymmen f\u00f6r b\u00e5de sm\u00e5 och stora organisationer och hyresg\u00e4ster\u201d, s\u00e4ger Birkholz, \u201dtanken var alltid att bli en byggnad f\u00f6r m\u00e5nga olika akt\u00f6rer inom h\u00e4lsa och sjukv\u00e5rd. De flesta av hyresg\u00e4sterna vill vara i Curanten eftersom de ocks\u00e5 har en id\u00e9 om hur v\u00e5rden kan bli en annorlunda upplevelse: de \u00e4r medvetna med sina val av inredning. Vi k\u00e4nde inte att vi beh\u00f6vde diktera vad de g\u00f6r med varje enhet: det skulle ha kv\u00e4vt utvecklingen och inte gett hyresg\u00e4sterna tillr\u00e4ckligt med frihet. Men v\u00e5r design f\u00f6renas genom de gemensamma utrymmena.\u201d <\/p>\n<p><em>Foto: Devis Bionaz<\/em><\/p>\n<\/div>\n                                                                                    <ul class=\"links\">\n                                                                                                <li><a href=\"\" target=\"_self\"><\/a><\/li>\n                                                            <\/ul>\n                                                    <\/div>\n                                    <\/div>              \n            <\/div>\n            \n            <div class=\"col-md-6 col-right col-image\">\n                                                        <div class=\"image \">\n                        <img decoding=\"async\"\n                            src=\"https:\/\/gustafs.com\/wp-content\/uploads\/2023\/09\/curanten-elevators-645x810.jpg\"\n                            alt=\"\"\n                            srcset=\"https:\/\/gustafs.com\/wp-content\/uploads\/2023\/09\/curanten-elevators-240x300.jpg 240w, https:\/\/gustafs.com\/wp-content\/uploads\/2023\/09\/curanten-elevators-818x1024.jpg 818w, https:\/\/gustafs.com\/wp-content\/uploads\/2023\/09\/curanten-elevators-768x962.jpg 768w, https:\/\/gustafs.com\/wp-content\/uploads\/2023\/09\/curanten-elevators-720x900.jpg 720w, https:\/\/gustafs.com\/wp-content\/uploads\/2023\/09\/curanten-elevators-645x810.jpg 645w, https:\/\/gustafs.com\/wp-content\/uploads\/2023\/09\/curanten-elevators-380x475.jpg 380w, https:\/\/gustafs.com\/wp-content\/uploads\/2023\/09\/curanten-elevators-845x1058.jpg 845w, https:\/\/gustafs.com\/wp-content\/uploads\/2023\/09\/curanten-elevators-635x795.jpg 635w, https:\/\/gustafs.com\/wp-content\/uploads\/2023\/09\/curanten-elevators-575x720.jpg 575w, https:\/\/gustafs.com\/wp-content\/uploads\/2023\/09\/curanten-elevators-485x607.jpg 485w, https:\/\/gustafs.com\/wp-content\/uploads\/2023\/09\/curanten-elevators-970x1215.jpg 970w, https:\/\/gustafs.com\/wp-content\/uploads\/2023\/09\/curanten-elevators-435x545.jpg 435w, https:\/\/gustafs.com\/wp-content\/uploads\/2023\/09\/curanten-elevators-870x1090.jpg 870w, https:\/\/gustafs.com\/wp-content\/uploads\/2023\/09\/curanten-elevators-415x520.jpg 415w, https:\/\/gustafs.com\/wp-content\/uploads\/2023\/09\/curanten-elevators-830x1040.jpg 830w, https:\/\/gustafs.com\/wp-content\/uploads\/2023\/09\/curanten-elevators-395x495.jpg 395w, https:\/\/gustafs.com\/wp-content\/uploads\/2023\/09\/curanten-elevators-790x989.jpg 790w, https:\/\/gustafs.com\/wp-content\/uploads\/2023\/09\/curanten-elevators-363x455.jpg 363w, https:\/\/gustafs.com\/wp-content\/uploads\/2023\/09\/curanten-elevators-726x909.jpg 726w, https:\/\/gustafs.com\/wp-content\/uploads\/2023\/09\/curanten-elevators-275x344.jpg 275w, https:\/\/gustafs.com\/wp-content\/uploads\/2023\/09\/curanten-elevators-550x689.jpg 550w, https:\/\/gustafs.com\/wp-content\/uploads\/2023\/09\/curanten-elevators-273x342.jpg 273w, https:\/\/gustafs.com\/wp-content\/uploads\/2023\/09\/curanten-elevators-546x684.jpg 546w, https:\/\/gustafs.com\/wp-content\/uploads\/2023\/09\/curanten-elevators-183x229.jpg 183w, https:\/\/gustafs.com\/wp-content\/uploads\/2023\/09\/curanten-elevators-366x458.jpg 366w, https:\/\/gustafs.com\/wp-content\/uploads\/2023\/09\/curanten-elevators-113x142.jpg 113w, https:\/\/gustafs.com\/wp-content\/uploads\/2023\/09\/curanten-elevators-226x283.jpg 226w, https:\/\/gustafs.com\/wp-content\/uploads\/2023\/09\/curanten-elevators.jpg 1030w\"\n                            sizes=\"\n                                                        (min-width: 1440px) 635px,\n                            (min-width: 1400px) 575px,\n                            (min-width: 1200px) 485px,\n                            (min-width: 992px) 395px,\n                            (min-width: 768px) 275px,\n                            100vw\n                                                        \"\n                        >\n                    <\/div>\n                                                                                            <div class=\"content-wrapper\">\n                                    <\/div>              \n            <\/div>\n            \n        <\/div>\n    <\/div>\n<\/section>\n\n\n\n<section class=\"image-plus-text\">\n    <div class=\"container\">\n        <div class=\"row\">\n            \n            <div class=\"col-md-6 col-left col-image\">\n                                                        <div class=\"image \">\n                        <img decoding=\"async\"\n                            src=\"https:\/\/gustafs.com\/wp-content\/uploads\/2023\/09\/curanten-atrium-staircase-645x810.jpg\"\n                            alt=\"\"\n                            srcset=\"https:\/\/gustafs.com\/wp-content\/uploads\/2023\/09\/curanten-atrium-staircase-240x300.jpg 240w, https:\/\/gustafs.com\/wp-content\/uploads\/2023\/09\/curanten-atrium-staircase-818x1024.jpg 818w, https:\/\/gustafs.com\/wp-content\/uploads\/2023\/09\/curanten-atrium-staircase-768x962.jpg 768w, https:\/\/gustafs.com\/wp-content\/uploads\/2023\/09\/curanten-atrium-staircase-720x900.jpg 720w, https:\/\/gustafs.com\/wp-content\/uploads\/2023\/09\/curanten-atrium-staircase-645x810.jpg 645w, https:\/\/gustafs.com\/wp-content\/uploads\/2023\/09\/curanten-atrium-staircase-380x475.jpg 380w, https:\/\/gustafs.com\/wp-content\/uploads\/2023\/09\/curanten-atrium-staircase-845x1058.jpg 845w, https:\/\/gustafs.com\/wp-content\/uploads\/2023\/09\/curanten-atrium-staircase-635x795.jpg 635w, https:\/\/gustafs.com\/wp-content\/uploads\/2023\/09\/curanten-atrium-staircase-575x720.jpg 575w, https:\/\/gustafs.com\/wp-content\/uploads\/2023\/09\/curanten-atrium-staircase-485x607.jpg 485w, https:\/\/gustafs.com\/wp-content\/uploads\/2023\/09\/curanten-atrium-staircase-970x1215.jpg 970w, https:\/\/gustafs.com\/wp-content\/uploads\/2023\/09\/curanten-atrium-staircase-435x545.jpg 435w, https:\/\/gustafs.com\/wp-content\/uploads\/2023\/09\/curanten-atrium-staircase-870x1090.jpg 870w, https:\/\/gustafs.com\/wp-content\/uploads\/2023\/09\/curanten-atrium-staircase-415x520.jpg 415w, https:\/\/gustafs.com\/wp-content\/uploads\/2023\/09\/curanten-atrium-staircase-830x1040.jpg 830w, https:\/\/gustafs.com\/wp-content\/uploads\/2023\/09\/curanten-atrium-staircase-395x495.jpg 395w, https:\/\/gustafs.com\/wp-content\/uploads\/2023\/09\/curanten-atrium-staircase-790x989.jpg 790w, https:\/\/gustafs.com\/wp-content\/uploads\/2023\/09\/curanten-atrium-staircase-363x455.jpg 363w, https:\/\/gustafs.com\/wp-content\/uploads\/2023\/09\/curanten-atrium-staircase-726x909.jpg 726w, https:\/\/gustafs.com\/wp-content\/uploads\/2023\/09\/curanten-atrium-staircase-275x344.jpg 275w, https:\/\/gustafs.com\/wp-content\/uploads\/2023\/09\/curanten-atrium-staircase-550x689.jpg 550w, https:\/\/gustafs.com\/wp-content\/uploads\/2023\/09\/curanten-atrium-staircase-273x342.jpg 273w, https:\/\/gustafs.com\/wp-content\/uploads\/2023\/09\/curanten-atrium-staircase-546x684.jpg 546w, https:\/\/gustafs.com\/wp-content\/uploads\/2023\/09\/curanten-atrium-staircase-183x229.jpg 183w, https:\/\/gustafs.com\/wp-content\/uploads\/2023\/09\/curanten-atrium-staircase-366x458.jpg 366w, https:\/\/gustafs.com\/wp-content\/uploads\/2023\/09\/curanten-atrium-staircase-113x142.jpg 113w, https:\/\/gustafs.com\/wp-content\/uploads\/2023\/09\/curanten-atrium-staircase-226x283.jpg 226w, https:\/\/gustafs.com\/wp-content\/uploads\/2023\/09\/curanten-atrium-staircase.jpg 1030w\"\n                            sizes=\"\n                                                        (min-width: 1440px) 635px,\n                            (min-width: 1400px) 575px,\n                            (min-width: 1200px) 485px,\n                            (min-width: 992px) 395px,\n                            (min-width: 768px) 275px,\n                            100vw\n                                                        \"\n                        >\n                    <\/div>\n                                                                                            <div class=\"content-wrapper\">\n                                    <\/div>              \n            <\/div>\n            \n            <div class=\"col-md-6 col-right col-text\">\n                                <div class=\"content-wrapper\">\n                                                                    <div class=\"title\">PRAKTISKT MEN INSPIRERANDE<\/div>\n                                                <div class=\"content\">\n                                                        <div class=\"text font-16px\"><h3>Inspirerat av hotellinteri\u00f6rer, inte sjukhus<\/h3>\n<p>&#8221;Det \u00e4r d\u00e4rf\u00f6r atriumet \u00e4r s\u00e5 viktigt. Det \u00e4r byggnadens f\u00f6rbindande &#8221;hj\u00e4rta&#8221;, forts\u00e4tter han. N\u00e4r vi designade atriumet ville vi undvika ett vitt &#8221;kliniskt&#8221; utseende. Vi har f\u00f6rs\u00f6kt anspela p\u00e5 hotellinteri\u00f6rer mer \u00e4n sjukhusinteri\u00f6rer.\u201d Detta \u00e4r tydligt i materialen som anv\u00e4nds: helt\u00e4ckningsmattor, mycket tr\u00e4, inklusive massiva tr\u00e4ribbor, och d\u00e4mpad belysning. &#8221;Det var en utmaning att anv\u00e4nda inspirerande material och samtidigt uppfylla kraven p\u00e5 hygien, reng\u00f6rbarhet och underh\u00e5ll.&#8221; Som ett exempel finns det laminatskivor med pressade l\u00f6v i mitten; det ger interi\u00f6ren ett naturligt inslag, men \u00e4r samtidigt en avtorkningsbar yta.<\/p>\n<p><em>Foto: Devis Bionaz<\/em><\/p>\n<\/div>\n                                                                                <\/div>\n                                    <\/div>              \n            <\/div>\n            \n        <\/div>\n    <\/div>\n<\/section>\n\n\n\n<section class=\"image-plus-text\">\n    <div class=\"container\">\n        <div class=\"row\">\n            \n            <div class=\"col-md-6 col-left col-text\">\n                                <div class=\"content-wrapper\">\n                                                                    <div class=\"title\">FOKUS P\u00c5 V\u00c4LM\u00c5ENDE<\/div>\n                                                <div class=\"content\">\n                                                        <div class=\"text font-16px\"><h3>Framtida sjukv\u00e5rdsdesign<\/h3>\n<p>N\u00e4r det g\u00e4ller framtida v\u00e5rddesign finns det utrymme f\u00f6r ett nytt t\u00e4nkes\u00e4tt. Vissa delar av v\u00e5rdlokaler &#8211; som v\u00e4ntrum eller korridorer &#8211; kan och b\u00f6r ha mer fokus p\u00e5 v\u00e4lbefinnande, h\u00e4vdar Birkholz, snarare \u00e4n en helt klinisk k\u00e4nsla som \u00e4r n\u00f6dv\u00e4ndig f\u00f6r utrymmen som till exempel operationssalar. &#8221;Interi\u00f6rerna kommer att bli mer v\u00e4lkomnande och h\u00e4lsofr\u00e4mjande\u201d, s\u00e4ger han, &#8221;detta kommer att vara utrymmen som folk till och med vill spendera tid i.&#8221;.<\/p>\n<p>B\u00e5de personal, patienter och bes\u00f6kare kommer att m\u00e5 b\u00e4ttre tack vare interi\u00f6rer fokuserade p\u00e5 harmoni och komfort. Vi kommer sannolikt att se fler v\u00e5rdmilj\u00f6er som fr\u00e4mjar v\u00e4lbefinnande och holistiska tillv\u00e4gag\u00e5ngss\u00e4tt, med allt fr\u00e5n material till belysning, som Curanten.<\/p>\n<p><em>Foto: Devis Bionaz<\/em><\/p>\n<\/div>\n                                                                                    <ul class=\"links\">\n                                                                                                <li><a href=\"https:\/\/gustafs.com\/sv\/projects\/curanten\/\" target=\"_blank\">Projektsida: Curanten<\/a><\/li>\n                                                                                                <li><a href=\"https:\/\/gustafs.com\/sv\/produkt\/trapaneler\/\" target=\"\">Produkt: Tr\u00e4panel<\/a><\/li>\n                                                                                                <li><a href=\"https:\/\/gustafs.com\/sv\/knowledge-hub\/ytor\/\" target=\"\">Ytor: Laminat &#038; M\u00e5lad yta<\/a><\/li>\n                                                                                                <li><a href=\"https:\/\/gustafs.com\/sv\/knowledge-hub\/fire-safety\/\" target=\"\">Brandklass: A2-s1,d0 &amp; B-s1,d0<\/a><\/li>\n                                                            <\/ul>\n                                                    <\/div>\n                                    <\/div>              \n            <\/div>\n            \n            <div class=\"col-md-6 col-right col-image\">\n                                                        <div class=\"image \">\n                        <img decoding=\"async\"\n                            src=\"https:\/\/gustafs.com\/wp-content\/uploads\/2023\/09\/curanten-corridor-645x810.jpg\"\n                            alt=\"\"\n                            srcset=\"https:\/\/gustafs.com\/wp-content\/uploads\/2023\/09\/curanten-corridor-240x300.jpg 240w, https:\/\/gustafs.com\/wp-content\/uploads\/2023\/09\/curanten-corridor-818x1024.jpg 818w, https:\/\/gustafs.com\/wp-content\/uploads\/2023\/09\/curanten-corridor-768x962.jpg 768w, https:\/\/gustafs.com\/wp-content\/uploads\/2023\/09\/curanten-corridor-720x900.jpg 720w, https:\/\/gustafs.com\/wp-content\/uploads\/2023\/09\/curanten-corridor-645x810.jpg 645w, https:\/\/gustafs.com\/wp-content\/uploads\/2023\/09\/curanten-corridor-380x475.jpg 380w, https:\/\/gustafs.com\/wp-content\/uploads\/2023\/09\/curanten-corridor-845x1058.jpg 845w, https:\/\/gustafs.com\/wp-content\/uploads\/2023\/09\/curanten-corridor-635x795.jpg 635w, https:\/\/gustafs.com\/wp-content\/uploads\/2023\/09\/curanten-corridor-575x720.jpg 575w, https:\/\/gustafs.com\/wp-content\/uploads\/2023\/09\/curanten-corridor-485x607.jpg 485w, https:\/\/gustafs.com\/wp-content\/uploads\/2023\/09\/curanten-corridor-970x1215.jpg 970w, https:\/\/gustafs.com\/wp-content\/uploads\/2023\/09\/curanten-corridor-435x545.jpg 435w, https:\/\/gustafs.com\/wp-content\/uploads\/2023\/09\/curanten-corridor-870x1090.jpg 870w, https:\/\/gustafs.com\/wp-content\/uploads\/2023\/09\/curanten-corridor-415x520.jpg 415w, https:\/\/gustafs.com\/wp-content\/uploads\/2023\/09\/curanten-corridor-830x1040.jpg 830w, https:\/\/gustafs.com\/wp-content\/uploads\/2023\/09\/curanten-corridor-395x495.jpg 395w, https:\/\/gustafs.com\/wp-content\/uploads\/2023\/09\/curanten-corridor-790x989.jpg 790w, https:\/\/gustafs.com\/wp-content\/uploads\/2023\/09\/curanten-corridor-363x455.jpg 363w, https:\/\/gustafs.com\/wp-content\/uploads\/2023\/09\/curanten-corridor-726x909.jpg 726w, https:\/\/gustafs.com\/wp-content\/uploads\/2023\/09\/curanten-corridor-275x344.jpg 275w, https:\/\/gustafs.com\/wp-content\/uploads\/2023\/09\/curanten-corridor-550x689.jpg 550w, https:\/\/gustafs.com\/wp-content\/uploads\/2023\/09\/curanten-corridor-273x342.jpg 273w, https:\/\/gustafs.com\/wp-content\/uploads\/2023\/09\/curanten-corridor-546x684.jpg 546w, https:\/\/gustafs.com\/wp-content\/uploads\/2023\/09\/curanten-corridor-183x229.jpg 183w, https:\/\/gustafs.com\/wp-content\/uploads\/2023\/09\/curanten-corridor-366x458.jpg 366w, https:\/\/gustafs.com\/wp-content\/uploads\/2023\/09\/curanten-corridor-113x142.jpg 113w, https:\/\/gustafs.com\/wp-content\/uploads\/2023\/09\/curanten-corridor-226x283.jpg 226w, https:\/\/gustafs.com\/wp-content\/uploads\/2023\/09\/curanten-corridor.jpg 1030w\"\n                            sizes=\"\n                                                        (min-width: 1440px) 635px,\n                            (min-width: 1400px) 575px,\n                            (min-width: 1200px) 485px,\n                            (min-width: 992px) 395px,\n                            (min-width: 768px) 275px,\n                            100vw\n                                                        \"\n                        >\n                    <\/div>\n                                                                                            <div class=\"content-wrapper\">\n                                    <\/div>              \n            <\/div>\n            \n        <\/div>\n    <\/div>\n<\/section>\n","protected":false},"excerpt":{"rendered":"<p>BAU Stockholm om holistisk v\u00e5rddesign inspirerad av hotell.<\/p>\n","protected":false},"featured_media":17777,"comment_status":"open","ping_status":"closed","template":"","story-type":[268],"story-topic":[271,274,278],"class_list":["post-17757","stories","type-stories","status-publish","has-post-thumbnail","hentry","story-type-stories-sv","story-topic-design-sv","story-topic-intervju","story-topic-valmaende"],"acf":[],"yoast_head":"<!-- This site is optimized with the Yoast SEO plugin v25.4 - https:\/\/yoast.com\/wordpress\/plugins\/seo\/ -->\n<title>Gustafs Stories | Holistisk v\u00e5rddesign<\/title>\n<meta name=\"description\" content=\"BAU Stockholm om utformningen av v\u00e5rdanl\u00e4ggningen Curanten i Stockholm som inspirerats av hotell och f\u00f6r\u00e4ndrar hur v\u00e5rden ser ut och upplevs.\" \/>\n<meta name=\"robots\" content=\"index, follow, max-snippet:-1, max-image-preview:large, max-video-preview:-1\" \/>\n<link rel=\"canonical\" href=\"https:\/\/gustafs.com\/sv\/stories\/curanten-framtidens-halsohus\/\" \/>\n<meta property=\"og:locale\" content=\"sv_SE\" \/>\n<meta property=\"og:type\" content=\"article\" \/>\n<meta property=\"og:title\" content=\"Gustafs Stories | Holistisk v\u00e5rddesign\" \/>\n<meta property=\"og:description\" content=\"BAU Stockholm om utformningen av v\u00e5rdanl\u00e4ggningen Curanten i Stockholm som inspirerats av hotell och f\u00f6r\u00e4ndrar hur v\u00e5rden ser ut och upplevs.\" \/>\n<meta property=\"og:url\" content=\"https:\/\/gustafs.com\/sv\/stories\/curanten-framtidens-halsohus\/\" \/>\n<meta property=\"og:site_name\" content=\"Gustafs Scandinavia\" \/>\n<meta property=\"article:modified_time\" content=\"2023-09-14T20:51:05+00:00\" \/>\n<meta property=\"og:image\" content=\"https:\/\/gustafs.com\/wp-content\/uploads\/2023\/09\/curanten-hero.jpg\" \/>\n\t<meta property=\"og:image:width\" content=\"380\" \/>\n\t<meta property=\"og:image:height\" content=\"305\" \/>\n\t<meta property=\"og:image:type\" content=\"image\/jpeg\" \/>\n<meta name=\"twitter:card\" content=\"summary_large_image\" \/>\n<meta name=\"twitter:label1\" content=\"Ber\u00e4knad l\u00e4stid\" \/>\n\t<meta name=\"twitter:data1\" content=\"1 minut\" \/>\n<script type=\"application\/ld+json\" class=\"yoast-schema-graph\">{\"@context\":\"https:\/\/schema.org\",\"@graph\":[{\"@type\":\"WebPage\",\"@id\":\"https:\/\/gustafs.com\/sv\/stories\/curanten-framtidens-halsohus\/\",\"url\":\"https:\/\/gustafs.com\/sv\/stories\/curanten-framtidens-halsohus\/\",\"name\":\"Gustafs Stories | Holistisk v\u00e5rddesign\",\"isPartOf\":{\"@id\":\"https:\/\/gustafs.com\/sv\/#website\"},\"primaryImageOfPage\":{\"@id\":\"https:\/\/gustafs.com\/sv\/stories\/curanten-framtidens-halsohus\/#primaryimage\"},\"image\":{\"@id\":\"https:\/\/gustafs.com\/sv\/stories\/curanten-framtidens-halsohus\/#primaryimage\"},\"thumbnailUrl\":\"https:\/\/gustafs.com\/wp-content\/uploads\/2023\/09\/curanten-hero.jpg\",\"datePublished\":\"2023-09-14T20:51:04+00:00\",\"dateModified\":\"2023-09-14T20:51:05+00:00\",\"description\":\"BAU Stockholm om utformningen av v\u00e5rdanl\u00e4ggningen Curanten i Stockholm som inspirerats av hotell och f\u00f6r\u00e4ndrar hur v\u00e5rden ser ut och upplevs.\",\"breadcrumb\":{\"@id\":\"https:\/\/gustafs.com\/sv\/stories\/curanten-framtidens-halsohus\/#breadcrumb\"},\"inLanguage\":\"sv-SE\",\"potentialAction\":[{\"@type\":\"ReadAction\",\"target\":[\"https:\/\/gustafs.com\/sv\/stories\/curanten-framtidens-halsohus\/\"]}]},{\"@type\":\"ImageObject\",\"inLanguage\":\"sv-SE\",\"@id\":\"https:\/\/gustafs.com\/sv\/stories\/curanten-framtidens-halsohus\/#primaryimage\",\"url\":\"https:\/\/gustafs.com\/wp-content\/uploads\/2023\/09\/curanten-hero.jpg\",\"contentUrl\":\"https:\/\/gustafs.com\/wp-content\/uploads\/2023\/09\/curanten-hero.jpg\",\"width\":380,\"height\":305,\"caption\":\"Kontorshus med neonskylt d\u00e4r det st\u00e5r CURANTEN\"},{\"@type\":\"BreadcrumbList\",\"@id\":\"https:\/\/gustafs.com\/sv\/stories\/curanten-framtidens-halsohus\/#breadcrumb\",\"itemListElement\":[{\"@type\":\"ListItem\",\"position\":1,\"name\":\"Gustafs\",\"item\":\"https:\/\/gustafs.com\/sv\/\"},{\"@type\":\"ListItem\",\"position\":2,\"name\":\"Curanten: Framtidens h\u00e4lsohus\"}]},{\"@type\":\"WebSite\",\"@id\":\"https:\/\/gustafs.com\/sv\/#website\",\"url\":\"https:\/\/gustafs.com\/sv\/\",\"name\":\"Gustafs Scandinavia\",\"description\":\"Exclusive Wooden Panels And Acoustic Panels\",\"potentialAction\":[{\"@type\":\"SearchAction\",\"target\":{\"@type\":\"EntryPoint\",\"urlTemplate\":\"https:\/\/gustafs.com\/sv\/?s={search_term_string}\"},\"query-input\":{\"@type\":\"PropertyValueSpecification\",\"valueRequired\":true,\"valueName\":\"search_term_string\"}}],\"inLanguage\":\"sv-SE\"}]}<\/script>\n<!-- \/ Yoast SEO plugin. -->","yoast_head_json":{"title":"Gustafs Stories | Holistisk v\u00e5rddesign","description":"BAU Stockholm om utformningen av v\u00e5rdanl\u00e4ggningen Curanten i Stockholm som inspirerats av hotell och f\u00f6r\u00e4ndrar hur v\u00e5rden ser ut och upplevs.","robots":{"index":"index","follow":"follow","max-snippet":"max-snippet:-1","max-image-preview":"max-image-preview:large","max-video-preview":"max-video-preview:-1"},"canonical":"https:\/\/gustafs.com\/sv\/stories\/curanten-framtidens-halsohus\/","og_locale":"sv_SE","og_type":"article","og_title":"Gustafs Stories | Holistisk v\u00e5rddesign","og_description":"BAU Stockholm om utformningen av v\u00e5rdanl\u00e4ggningen Curanten i Stockholm som inspirerats av hotell och f\u00f6r\u00e4ndrar hur v\u00e5rden ser ut och upplevs.","og_url":"https:\/\/gustafs.com\/sv\/stories\/curanten-framtidens-halsohus\/","og_site_name":"Gustafs Scandinavia","article_modified_time":"2023-09-14T20:51:05+00:00","og_image":[{"width":380,"height":305,"url":"https:\/\/gustafs.com\/wp-content\/uploads\/2023\/09\/curanten-hero.jpg","type":"image\/jpeg"}],"twitter_card":"summary_large_image","twitter_misc":{"Ber\u00e4knad l\u00e4stid":"1 minut"},"schema":{"@context":"https:\/\/schema.org","@graph":[{"@type":"WebPage","@id":"https:\/\/gustafs.com\/sv\/stories\/curanten-framtidens-halsohus\/","url":"https:\/\/gustafs.com\/sv\/stories\/curanten-framtidens-halsohus\/","name":"Gustafs Stories | Holistisk v\u00e5rddesign","isPartOf":{"@id":"https:\/\/gustafs.com\/sv\/#website"},"primaryImageOfPage":{"@id":"https:\/\/gustafs.com\/sv\/stories\/curanten-framtidens-halsohus\/#primaryimage"},"image":{"@id":"https:\/\/gustafs.com\/sv\/stories\/curanten-framtidens-halsohus\/#primaryimage"},"thumbnailUrl":"https:\/\/gustafs.com\/wp-content\/uploads\/2023\/09\/curanten-hero.jpg","datePublished":"2023-09-14T20:51:04+00:00","dateModified":"2023-09-14T20:51:05+00:00","description":"BAU Stockholm om utformningen av v\u00e5rdanl\u00e4ggningen Curanten i Stockholm som inspirerats av hotell och f\u00f6r\u00e4ndrar hur v\u00e5rden ser ut och upplevs.","breadcrumb":{"@id":"https:\/\/gustafs.com\/sv\/stories\/curanten-framtidens-halsohus\/#breadcrumb"},"inLanguage":"sv-SE","potentialAction":[{"@type":"ReadAction","target":["https:\/\/gustafs.com\/sv\/stories\/curanten-framtidens-halsohus\/"]}]},{"@type":"ImageObject","inLanguage":"sv-SE","@id":"https:\/\/gustafs.com\/sv\/stories\/curanten-framtidens-halsohus\/#primaryimage","url":"https:\/\/gustafs.com\/wp-content\/uploads\/2023\/09\/curanten-hero.jpg","contentUrl":"https:\/\/gustafs.com\/wp-content\/uploads\/2023\/09\/curanten-hero.jpg","width":380,"height":305,"caption":"Kontorshus med neonskylt d\u00e4r det st\u00e5r CURANTEN"},{"@type":"BreadcrumbList","@id":"https:\/\/gustafs.com\/sv\/stories\/curanten-framtidens-halsohus\/#breadcrumb","itemListElement":[{"@type":"ListItem","position":1,"name":"Gustafs","item":"https:\/\/gustafs.com\/sv\/"},{"@type":"ListItem","position":2,"name":"Curanten: Framtidens h\u00e4lsohus"}]},{"@type":"WebSite","@id":"https:\/\/gustafs.com\/sv\/#website","url":"https:\/\/gustafs.com\/sv\/","name":"Gustafs Scandinavia","description":"Exclusive Wooden Panels And Acoustic Panels","potentialAction":[{"@type":"SearchAction","target":{"@type":"EntryPoint","urlTemplate":"https:\/\/gustafs.com\/sv\/?s={search_term_string}"},"query-input":{"@type":"PropertyValueSpecification","valueRequired":true,"valueName":"search_term_string"}}],"inLanguage":"sv-SE"}]}},"_links":{"self":[{"href":"https:\/\/gustafs.com\/sv\/wp-json\/wp\/v2\/stories\/17757","targetHints":{"allow":["GET"]}}],"collection":[{"href":"https:\/\/gustafs.com\/sv\/wp-json\/wp\/v2\/stories"}],"about":[{"href":"https:\/\/gustafs.com\/sv\/wp-json\/wp\/v2\/types\/stories"}],"replies":[{"embeddable":true,"href":"https:\/\/gustafs.com\/sv\/wp-json\/wp\/v2\/comments?post=17757"}],"wp:featuredmedia":[{"embeddable":true,"href":"https:\/\/gustafs.com\/sv\/wp-json\/wp\/v2\/media\/17777"}],"wp:attachment":[{"href":"https:\/\/gustafs.com\/sv\/wp-json\/wp\/v2\/media?parent=17757"}],"wp:term":[{"taxonomy":"story-type","embeddable":true,"href":"https:\/\/gustafs.com\/sv\/wp-json\/wp\/v2\/story-type?post=17757"},{"taxonomy":"story-topic","embeddable":true,"href":"https:\/\/gustafs.com\/sv\/wp-json\/wp\/v2\/story-topic?post=17757"}],"curies":[{"name":"wp","href":"https:\/\/api.w.org\/{rel}","templated":true}]}}