{"id":16417,"date":"2019-01-22T09:38:00","date_gmt":"2019-01-22T09:38:00","guid":{"rendered":"https:\/\/gustafs.com\/?post_type=stories&#038;p=16417"},"modified":"2025-03-28T08:52:34","modified_gmt":"2025-03-28T07:52:34","slug":"produktlansering-pa-stockholm-furniture-fair","status":"publish","type":"stories","link":"https:\/\/gustafs.com\/sv\/stories\/produktlansering-pa-stockholm-furniture-fair\/","title":{"rendered":"Produktlansering p\u00e5 Stockholm Furniture Fair"},"content":{"rendered":"\r\n<section class=\"hero large\">\r\n<div class=\"swiper swiper-hero swiper-hero-autoplay\" >\r\n\t\r\n        <div class=\"swiper-wrapper\">\r\n                                    <div class=\"swiper-slide has-image\">\r\n\r\n                                <div class=\"image\" style=\"background-image:url(https:\/\/gustafs.com\/wp-content\/uploads\/2022\/02\/stockholm-furniture-fair-2019-scaled.jpg)\"><\/div>\r\n                <div class=\"image responsive\" style=\"background-image:url(https:\/\/gustafs.com\/wp-content\/uploads\/2022\/02\/stockholm-furniture-fair-2019-720x900.jpg)\"><\/div>\r\n                \r\n                \r\n                                <div class=\"container\">\r\n                    <div class=\"content\">\r\n                        <h1 class=\"entry-title fusion-post-title fusion-responsive-typography-calculated\" data-fontsize=\"27\" data-lineheight=\"27px\">Produktlansering p\u00e5 Stockholm Furniture Fair<\/h1>\n                    <\/div>\r\n                <\/div>\r\n                \r\n            <\/div>\r\n                    <\/div>\r\n        <div class=\"container\"><div class=\"swiper-pagination\"><\/div><\/div>\r\n    <\/div>\r\n<\/section>\r\n\n\n\n<section class=\"image-plus-text\">\n    <div class=\"container\">\n        <div class=\"row\">\n            \n            <div class=\"col-md-6 col-left col-image\">\n                                                        <div class=\"image \">\n                        <img decoding=\"async\"\n                            src=\"https:\/\/gustafs.com\/wp-content\/uploads\/2022\/02\/product-launch-furniture-fair-645x810.jpg\"\n                            alt=\"\"\n                            srcset=\"https:\/\/gustafs.com\/wp-content\/uploads\/2022\/02\/product-launch-furniture-fair-240x300.jpg 240w, https:\/\/gustafs.com\/wp-content\/uploads\/2022\/02\/product-launch-furniture-fair-818x1024.jpg 818w, https:\/\/gustafs.com\/wp-content\/uploads\/2022\/02\/product-launch-furniture-fair-768x962.jpg 768w, https:\/\/gustafs.com\/wp-content\/uploads\/2022\/02\/product-launch-furniture-fair-720x900.jpg 720w, https:\/\/gustafs.com\/wp-content\/uploads\/2022\/02\/product-launch-furniture-fair-645x810.jpg 645w, https:\/\/gustafs.com\/wp-content\/uploads\/2022\/02\/product-launch-furniture-fair-380x475.jpg 380w, https:\/\/gustafs.com\/wp-content\/uploads\/2022\/02\/product-launch-furniture-fair.jpg 1030w\"\n                            sizes=\"\n                                                        (min-width: 1440px) 635px,\n                            (min-width: 1400px) 575px,\n                            (min-width: 1200px) 485px,\n                            (min-width: 992px) 395px,\n                            (min-width: 768px) 275px,\n                            100vw\n                                                        \"\n                        >\n                    <\/div>\n                                                                                            <div class=\"content-wrapper\">\n                                    <\/div>              \n            <\/div>\n            \n            <div class=\"col-md-6 col-right col-text\">\n                                <div class=\"content-wrapper\">\n                                                                    <div class=\"title\">EN ARBETSPLATS F\u00d6R ALLA SINNEN<\/div>\n                                                <div class=\"content\">\n                                                        <div class=\"text font-13px\"><div class=\"fusion-fullwidth fullwidth-box fusion-builder-row-2 nonhundred-percent-fullwidth non-hundred-percent-height-scrolling\">\n<div class=\"fusion-builder-row fusion-row\">\n<div class=\"fusion-layout-column fusion_builder_column fusion-builder-column-1 fusion_builder_column_1_1 1_1 fusion-one-full fusion-column-first fusion-column-last\">\n<div class=\"fusion-column-wrapper fusion-flex-column-wrapper-legacy\">\n<div class=\"fusion-text fusion-text-1\">\n<div class=\"fusion-text fusion-text-1\">\n<h3>Ny produkt p\u00e5 g\u00e5ng<\/h3>\n<div class=\"fusion-text fusion-text-1\">\n<p>Gustafs kommer att st\u00e4lla ut p\u00e5 Stockholm Furniture Fair 5-9 februari. Kom och bes\u00f6k oss i v\u00e5r monter A17:24 \u2013 vi vill visa dig en arbetsplats f\u00f6r alla sinnen! Vill du redan nu f\u00e5 en hint om vad vi har arbetat med det senaste \u00e5ret? G\u00e5 in och kika p\u00e5 l\u00e4nken h\u00e4r nedan.<\/p>\n<\/div>\n<\/div>\n<\/div>\n<\/div>\n<\/div>\n<\/div>\n<\/div>\n<\/div>\n                                                                                    <ul class=\"links\">\n                                                                                                <li><a href=\"\" target=\"_self\"><\/a><\/li>\n                                                            <\/ul>\n                                                    <\/div>\n                                    <\/div>              \n            <\/div>\n            \n        <\/div>\n    <\/div>\n<\/section>\n","protected":false},"excerpt":{"rendered":"<p>Under Stockholm Furniture Fair lanserar vi en helt ny produkt.<\/p>\n","protected":false},"featured_media":1475,"comment_status":"closed","ping_status":"closed","template":"","story-type":[267],"story-topic":[275],"class_list":["post-16417","stories","type-stories","status-publish","has-post-thumbnail","hentry","story-type-senaste-nyheterna","story-topic-produktnyheter"],"acf":[],"yoast_head":"<!-- This site is optimized with the Yoast SEO plugin v25.4 - https:\/\/yoast.com\/wordpress\/plugins\/seo\/ -->\n<title>Produktlansering p\u00e5 Stockholm Furniture Fair | Gustafs Scandinavia<\/title>\n<meta name=\"robots\" content=\"index, follow, max-snippet:-1, max-image-preview:large, max-video-preview:-1\" \/>\n<link rel=\"canonical\" href=\"https:\/\/gustafs.com\/sv\/stories\/produktlansering-pa-stockholm-furniture-fair\/\" \/>\n<meta property=\"og:locale\" content=\"sv_SE\" \/>\n<meta property=\"og:type\" content=\"article\" \/>\n<meta property=\"og:title\" content=\"Produktlansering p\u00e5 Stockholm Furniture Fair | Gustafs Scandinavia\" \/>\n<meta property=\"og:description\" content=\"Under Stockholm Furniture Fair lanserar vi en helt ny produkt.\" \/>\n<meta property=\"og:url\" content=\"https:\/\/gustafs.com\/sv\/stories\/produktlansering-pa-stockholm-furniture-fair\/\" \/>\n<meta property=\"og:site_name\" content=\"Gustafs Scandinavia\" \/>\n<meta property=\"article:modified_time\" content=\"2025-03-28T07:52:34+00:00\" \/>\n<meta property=\"og:image\" content=\"https:\/\/gustafs.com\/wp-content\/uploads\/2022\/02\/sthlm-ff-2019.jpg\" \/>\n\t<meta property=\"og:image:width\" content=\"800\" \/>\n\t<meta property=\"og:image:height\" content=\"800\" \/>\n\t<meta property=\"og:image:type\" content=\"image\/jpeg\" \/>\n<meta name=\"twitter:card\" content=\"summary_large_image\" \/>\n<meta name=\"twitter:label1\" content=\"Ber\u00e4knad l\u00e4stid\" \/>\n\t<meta name=\"twitter:data1\" content=\"1 minut\" \/>\n<script type=\"application\/ld+json\" class=\"yoast-schema-graph\">{\"@context\":\"https:\/\/schema.org\",\"@graph\":[{\"@type\":\"WebPage\",\"@id\":\"https:\/\/gustafs.com\/sv\/stories\/produktlansering-pa-stockholm-furniture-fair\/\",\"url\":\"https:\/\/gustafs.com\/sv\/stories\/produktlansering-pa-stockholm-furniture-fair\/\",\"name\":\"Produktlansering p\u00e5 Stockholm Furniture Fair | Gustafs Scandinavia\",\"isPartOf\":{\"@id\":\"https:\/\/gustafs.com\/sv\/#website\"},\"primaryImageOfPage\":{\"@id\":\"https:\/\/gustafs.com\/sv\/stories\/produktlansering-pa-stockholm-furniture-fair\/#primaryimage\"},\"image\":{\"@id\":\"https:\/\/gustafs.com\/sv\/stories\/produktlansering-pa-stockholm-furniture-fair\/#primaryimage\"},\"thumbnailUrl\":\"https:\/\/gustafs.com\/wp-content\/uploads\/2022\/02\/sthlm-ff-2019.jpg\",\"datePublished\":\"2019-01-22T09:38:00+00:00\",\"dateModified\":\"2025-03-28T07:52:34+00:00\",\"breadcrumb\":{\"@id\":\"https:\/\/gustafs.com\/sv\/stories\/produktlansering-pa-stockholm-furniture-fair\/#breadcrumb\"},\"inLanguage\":\"sv-SE\",\"potentialAction\":[{\"@type\":\"ReadAction\",\"target\":[\"https:\/\/gustafs.com\/sv\/stories\/produktlansering-pa-stockholm-furniture-fair\/\"]}]},{\"@type\":\"ImageObject\",\"inLanguage\":\"sv-SE\",\"@id\":\"https:\/\/gustafs.com\/sv\/stories\/produktlansering-pa-stockholm-furniture-fair\/#primaryimage\",\"url\":\"https:\/\/gustafs.com\/wp-content\/uploads\/2022\/02\/sthlm-ff-2019.jpg\",\"contentUrl\":\"https:\/\/gustafs.com\/wp-content\/uploads\/2022\/02\/sthlm-ff-2019.jpg\",\"width\":800,\"height\":800,\"caption\":\"Product launch at Stockholm Furniture Fair\"},{\"@type\":\"BreadcrumbList\",\"@id\":\"https:\/\/gustafs.com\/sv\/stories\/produktlansering-pa-stockholm-furniture-fair\/#breadcrumb\",\"itemListElement\":[{\"@type\":\"ListItem\",\"position\":1,\"name\":\"Gustafs\",\"item\":\"https:\/\/gustafs.com\/sv\/\"},{\"@type\":\"ListItem\",\"position\":2,\"name\":\"Produktlansering p\u00e5 Stockholm Furniture Fair\"}]},{\"@type\":\"WebSite\",\"@id\":\"https:\/\/gustafs.com\/sv\/#website\",\"url\":\"https:\/\/gustafs.com\/sv\/\",\"name\":\"Gustafs Scandinavia\",\"description\":\"Exclusive Wooden Panels And Acoustic Panels\",\"potentialAction\":[{\"@type\":\"SearchAction\",\"target\":{\"@type\":\"EntryPoint\",\"urlTemplate\":\"https:\/\/gustafs.com\/sv\/?s={search_term_string}\"},\"query-input\":{\"@type\":\"PropertyValueSpecification\",\"valueRequired\":true,\"valueName\":\"search_term_string\"}}],\"inLanguage\":\"sv-SE\"}]}<\/script>\n<!-- \/ Yoast SEO plugin. -->","yoast_head_json":{"title":"Produktlansering p\u00e5 Stockholm Furniture Fair | Gustafs Scandinavia","robots":{"index":"index","follow":"follow","max-snippet":"max-snippet:-1","max-image-preview":"max-image-preview:large","max-video-preview":"max-video-preview:-1"},"canonical":"https:\/\/gustafs.com\/sv\/stories\/produktlansering-pa-stockholm-furniture-fair\/","og_locale":"sv_SE","og_type":"article","og_title":"Produktlansering p\u00e5 Stockholm Furniture Fair | Gustafs Scandinavia","og_description":"Under Stockholm Furniture Fair lanserar vi en helt ny produkt.","og_url":"https:\/\/gustafs.com\/sv\/stories\/produktlansering-pa-stockholm-furniture-fair\/","og_site_name":"Gustafs Scandinavia","article_modified_time":"2025-03-28T07:52:34+00:00","og_image":[{"width":800,"height":800,"url":"https:\/\/gustafs.com\/wp-content\/uploads\/2022\/02\/sthlm-ff-2019.jpg","type":"image\/jpeg"}],"twitter_card":"summary_large_image","twitter_misc":{"Ber\u00e4knad l\u00e4stid":"1 minut"},"schema":{"@context":"https:\/\/schema.org","@graph":[{"@type":"WebPage","@id":"https:\/\/gustafs.com\/sv\/stories\/produktlansering-pa-stockholm-furniture-fair\/","url":"https:\/\/gustafs.com\/sv\/stories\/produktlansering-pa-stockholm-furniture-fair\/","name":"Produktlansering p\u00e5 Stockholm Furniture Fair | Gustafs Scandinavia","isPartOf":{"@id":"https:\/\/gustafs.com\/sv\/#website"},"primaryImageOfPage":{"@id":"https:\/\/gustafs.com\/sv\/stories\/produktlansering-pa-stockholm-furniture-fair\/#primaryimage"},"image":{"@id":"https:\/\/gustafs.com\/sv\/stories\/produktlansering-pa-stockholm-furniture-fair\/#primaryimage"},"thumbnailUrl":"https:\/\/gustafs.com\/wp-content\/uploads\/2022\/02\/sthlm-ff-2019.jpg","datePublished":"2019-01-22T09:38:00+00:00","dateModified":"2025-03-28T07:52:34+00:00","breadcrumb":{"@id":"https:\/\/gustafs.com\/sv\/stories\/produktlansering-pa-stockholm-furniture-fair\/#breadcrumb"},"inLanguage":"sv-SE","potentialAction":[{"@type":"ReadAction","target":["https:\/\/gustafs.com\/sv\/stories\/produktlansering-pa-stockholm-furniture-fair\/"]}]},{"@type":"ImageObject","inLanguage":"sv-SE","@id":"https:\/\/gustafs.com\/sv\/stories\/produktlansering-pa-stockholm-furniture-fair\/#primaryimage","url":"https:\/\/gustafs.com\/wp-content\/uploads\/2022\/02\/sthlm-ff-2019.jpg","contentUrl":"https:\/\/gustafs.com\/wp-content\/uploads\/2022\/02\/sthlm-ff-2019.jpg","width":800,"height":800,"caption":"Product launch at Stockholm Furniture Fair"},{"@type":"BreadcrumbList","@id":"https:\/\/gustafs.com\/sv\/stories\/produktlansering-pa-stockholm-furniture-fair\/#breadcrumb","itemListElement":[{"@type":"ListItem","position":1,"name":"Gustafs","item":"https:\/\/gustafs.com\/sv\/"},{"@type":"ListItem","position":2,"name":"Produktlansering p\u00e5 Stockholm Furniture Fair"}]},{"@type":"WebSite","@id":"https:\/\/gustafs.com\/sv\/#website","url":"https:\/\/gustafs.com\/sv\/","name":"Gustafs Scandinavia","description":"Exclusive Wooden Panels And Acoustic Panels","potentialAction":[{"@type":"SearchAction","target":{"@type":"EntryPoint","urlTemplate":"https:\/\/gustafs.com\/sv\/?s={search_term_string}"},"query-input":{"@type":"PropertyValueSpecification","valueRequired":true,"valueName":"search_term_string"}}],"inLanguage":"sv-SE"}]}},"_links":{"self":[{"href":"https:\/\/gustafs.com\/sv\/wp-json\/wp\/v2\/stories\/16417","targetHints":{"allow":["GET"]}}],"collection":[{"href":"https:\/\/gustafs.com\/sv\/wp-json\/wp\/v2\/stories"}],"about":[{"href":"https:\/\/gustafs.com\/sv\/wp-json\/wp\/v2\/types\/stories"}],"replies":[{"embeddable":true,"href":"https:\/\/gustafs.com\/sv\/wp-json\/wp\/v2\/comments?post=16417"}],"wp:featuredmedia":[{"embeddable":true,"href":"https:\/\/gustafs.com\/sv\/wp-json\/wp\/v2\/media\/1475"}],"wp:attachment":[{"href":"https:\/\/gustafs.com\/sv\/wp-json\/wp\/v2\/media?parent=16417"}],"wp:term":[{"taxonomy":"story-type","embeddable":true,"href":"https:\/\/gustafs.com\/sv\/wp-json\/wp\/v2\/story-type?post=16417"},{"taxonomy":"story-topic","embeddable":true,"href":"https:\/\/gustafs.com\/sv\/wp-json\/wp\/v2\/story-topic?post=16417"}],"curies":[{"name":"wp","href":"https:\/\/api.w.org\/{rel}","templated":true}]}}