{"id":14744,"date":"2022-01-28T16:56:00","date_gmt":"2022-01-28T16:56:00","guid":{"rendered":"https:\/\/gustafs.com\/?post_type=stories&#038;p=14744"},"modified":"2024-03-25T10:10:08","modified_gmt":"2024-03-25T09:10:08","slug":"mindre-spill-och-mer-naturliga-material","status":"publish","type":"stories","link":"https:\/\/gustafs.com\/sv\/stories\/mindre-spill-och-mer-naturliga-material\/","title":{"rendered":"Mindre spill och mer naturliga material"},"content":{"rendered":"\r\n<section class=\"hero small\">\r\n<div class=\"swiper swiper-hero swiper-hero-autoplay\" >\r\n\t\r\n        <div class=\"swiper-wrapper\">\r\n                                    <div class=\"swiper-slide has-image\">\r\n\r\n                                <div class=\"image\" style=\"background-image:url(https:\/\/gustafs.com\/wp-content\/uploads\/2022\/02\/less-waste-more-natural-materials-scaled.jpg)\"><\/div>\r\n                <div class=\"image responsive\" style=\"background-image:url(https:\/\/gustafs.com\/wp-content\/uploads\/2022\/02\/less-waste-more-natural-materials-720x900.jpg)\"><\/div>\r\n                \r\n                \r\n                                <div class=\"container\">\r\n                    <div class=\"content\">\r\n                        <h1>Arkitektur med mindre spill och fler naturliga material<\/h1>\n                    <\/div>\r\n                <\/div>\r\n                \r\n            <\/div>\r\n                    <\/div>\r\n        <div class=\"container\"><div class=\"swiper-pagination\"><\/div><\/div>\r\n    <\/div>\r\n<\/section>\r\n\n\n\n<h3 class=\"wp-block-heading\">C.F. M\u00f8llers Ola Jonsson om att omv\u00e4rdera byggmaterial.<\/h3>\n\n\n\n<section class=\"image-plus-text\">\n    <div class=\"container\">\n        <div class=\"row\">\n            \n            <div class=\"col-md-6 col-left col-image\">\n                                                        <div class=\"image \">\n                        <img decoding=\"async\"\n                            src=\"https:\/\/gustafs.com\/wp-content\/uploads\/2022\/02\/ola-jonsson-fc-moller-architects-645x810.jpg\"\n                            alt=\"\"\n                            srcset=\"https:\/\/gustafs.com\/wp-content\/uploads\/2022\/02\/ola-jonsson-fc-moller-architects-240x300.jpg 240w, https:\/\/gustafs.com\/wp-content\/uploads\/2022\/02\/ola-jonsson-fc-moller-architects-818x1024.jpg 818w, https:\/\/gustafs.com\/wp-content\/uploads\/2022\/02\/ola-jonsson-fc-moller-architects-768x962.jpg 768w, https:\/\/gustafs.com\/wp-content\/uploads\/2022\/02\/ola-jonsson-fc-moller-architects-720x900.jpg 720w, https:\/\/gustafs.com\/wp-content\/uploads\/2022\/02\/ola-jonsson-fc-moller-architects-645x810.jpg 645w, https:\/\/gustafs.com\/wp-content\/uploads\/2022\/02\/ola-jonsson-fc-moller-architects-380x475.jpg 380w, https:\/\/gustafs.com\/wp-content\/uploads\/2022\/02\/ola-jonsson-fc-moller-architects.jpg 1030w\"\n                            sizes=\"\n                                                        (min-width: 1440px) 635px,\n                            (min-width: 1400px) 575px,\n                            (min-width: 1200px) 485px,\n                            (min-width: 992px) 395px,\n                            (min-width: 768px) 275px,\n                            100vw\n                                                        \"\n                        >\n                    <\/div>\n                                                                                            <div class=\"content-wrapper\">\n                                    <\/div>              \n            <\/div>\n            \n            <div class=\"col-md-6 col-right col-text\">\n                                <div class=\"content-wrapper\">\n                                                                    <div class=\"title\">OLA JONSSON, C.F. M\u00d8LLER<\/div>\n                                                <div class=\"content\">\n                                                        <div class=\"text font-16px\"><h5>Vi forts\u00e4tter v\u00e5ra samtal om byggmaterial och den h\u00e4r g\u00e5ngen pratar vi med Ola Jonsson, Partner p\u00e5 C.F. M\u00f8ller i Sverige, en av Skandinaviens ledande arkitektbyr\u00e5er. Byr\u00e5n \u00e4r verksam internationellt och integrerar arkitektur, produktdesign, inredning, landskapsdesign och stadsplanering. Deras projekt str\u00e4cker sig \u00f6ver alla sektorer, och de \u00e4r v\u00e4lk\u00e4nda f\u00f6r sin expertis inom design f\u00f6r sjukv\u00e5rd.<\/h5>\n<p>Arkitekturen har h\u00e5llit j\u00e4mna steg med v\u00e5r st\u00e4ndigt f\u00f6r\u00e4nderliga digitala v\u00e4rld. Ola inleder samtidigt v\u00e5rt samtal med att p\u00e5peka att arkitektkontorets vision p\u00e5 m\u00e5nga s\u00e4tt har varit densamma sedan 1920-talet, d\u00e5 C.F. M\u00f8ller Architects grundades. Arkitektur \u00e4r ett hantverk d\u00e4r design och material kombineras f\u00f6r att skapa b\u00e4ttre milj\u00f6er. Vi bad Ola Jonsson att ber\u00e4tta om sina tre favoritmaterial.<\/p>\n<\/div>\n                                                                                <\/div>\n                                    <\/div>              \n            <\/div>\n            \n        <\/div>\n    <\/div>\n<\/section>\n\n\n\n<section class=\"image-plus-text\">\n    <div class=\"container\">\n        <div class=\"row\">\n            \n            <div class=\"col-md-6 col-left col-text\">\n                                <div class=\"content-wrapper\">\n                                                                    <div class=\"title\">01<\/div>\n                                                <div class=\"content\">\n                                                        <div class=\"text font-13px\"><h3>1. Tr\u00e4, sj\u00e4lvklart!<\/h3>\n<p>Det f\u00f6rsta valet \u00e4r sj\u00e4lvklart f\u00f6r Ola. Under en stor del av sin karri\u00e4r har han forskat inom h\u00e5llbart tr\u00e4byggande och arkitektur. \u201dTr\u00e4 kan vara m\u00e5nga saker, det kan vara ett konstruktionselement s\u00e5v\u00e4l som ett material f\u00f6r inredning. Det \u00e4r otroligt m\u00e5ngsidigt\u201d, s\u00e4ger Ola. Han f\u00f6rklarar ocks\u00e5 hur arbetet med ett organiskt material som tr\u00e4 ger en extra dimension till ett projekt: \u201dTr\u00e4 \u00e4r inte bara m\u00e5ngfacetterat, det skiljer sig ocks\u00e5 fr\u00e5n ett konstgjort material genom att det \u00e4r f\u00f6rnybart med en livscykel, och f\u00f6r\u00e4ndras med tiden.\u201d<\/p>\n<p>Ola pekar p\u00e5 tr\u00e4ets h\u00e5llbarhetsegenskaper och f\u00f6rklarar: \u201dTr\u00e4 \u00e4r ocks\u00e5 det mest sj\u00e4lvklara valet f\u00f6r mig n\u00e4r det g\u00e4ller byggmaterial, eftersom det bidrar till v\u00e5r framtid. Det \u00e4r av avg\u00f6rande betydelse att arkitektens roll numera \u00e4ven omfattar globala fr\u00e5gor; materialval \u00e4r n\u00e4ra kopplat till klimatkrisen.\u201d<\/p>\n<\/div>\n                                                                                    <ul class=\"links\">\n                                                                                                <li><a href=\"\/sv\/projects\/carlsbergs-head-office\/\" target=\"\">PROJEKT: Carlsbergs huvudkontor<\/a><\/li>\n                                                            <\/ul>\n                                                    <\/div>\n                                    <\/div>              \n            <\/div>\n            \n            <div class=\"col-md-6 col-right col-image\">\n                                                        <div class=\"image \">\n                        <img decoding=\"async\"\n                            src=\"https:\/\/gustafs.com\/wp-content\/uploads\/2022\/02\/wood-natural-material-cf-moller-645x810.jpg\"\n                            alt=\"\"\n                            srcset=\"https:\/\/gustafs.com\/wp-content\/uploads\/2022\/02\/wood-natural-material-cf-moller-240x300.jpg 240w, https:\/\/gustafs.com\/wp-content\/uploads\/2022\/02\/wood-natural-material-cf-moller-818x1024.jpg 818w, https:\/\/gustafs.com\/wp-content\/uploads\/2022\/02\/wood-natural-material-cf-moller-768x962.jpg 768w, https:\/\/gustafs.com\/wp-content\/uploads\/2022\/02\/wood-natural-material-cf-moller-720x900.jpg 720w, https:\/\/gustafs.com\/wp-content\/uploads\/2022\/02\/wood-natural-material-cf-moller-645x810.jpg 645w, https:\/\/gustafs.com\/wp-content\/uploads\/2022\/02\/wood-natural-material-cf-moller-380x475.jpg 380w, https:\/\/gustafs.com\/wp-content\/uploads\/2022\/02\/wood-natural-material-cf-moller.jpg 1030w\"\n                            sizes=\"\n                                                        (min-width: 1440px) 635px,\n                            (min-width: 1400px) 575px,\n                            (min-width: 1200px) 485px,\n                            (min-width: 992px) 395px,\n                            (min-width: 768px) 275px,\n                            100vw\n                                                        \"\n                        >\n                    <\/div>\n                                                                                            <div class=\"content-wrapper\">\n                                    <\/div>              \n            <\/div>\n            \n        <\/div>\n    <\/div>\n<\/section>\n\n\n\n<section class=\"image-plus-text\">\n    <div class=\"container\">\n        <div class=\"row\">\n            \n            <div class=\"col-md-6 col-left col-image\">\n                                                        <div class=\"image \">\n                        <img decoding=\"async\"\n                            src=\"https:\/\/gustafs.com\/wp-content\/uploads\/2022\/02\/materials-we-dont-use-interior-design-645x810.jpg\"\n                            alt=\"\"\n                            srcset=\"https:\/\/gustafs.com\/wp-content\/uploads\/2022\/02\/materials-we-dont-use-interior-design-240x300.jpg 240w, https:\/\/gustafs.com\/wp-content\/uploads\/2022\/02\/materials-we-dont-use-interior-design-818x1024.jpg 818w, https:\/\/gustafs.com\/wp-content\/uploads\/2022\/02\/materials-we-dont-use-interior-design-768x962.jpg 768w, https:\/\/gustafs.com\/wp-content\/uploads\/2022\/02\/materials-we-dont-use-interior-design-720x900.jpg 720w, https:\/\/gustafs.com\/wp-content\/uploads\/2022\/02\/materials-we-dont-use-interior-design-645x810.jpg 645w, https:\/\/gustafs.com\/wp-content\/uploads\/2022\/02\/materials-we-dont-use-interior-design-380x475.jpg 380w, https:\/\/gustafs.com\/wp-content\/uploads\/2022\/02\/materials-we-dont-use-interior-design.jpg 1030w\"\n                            sizes=\"\n                                                        (min-width: 1440px) 635px,\n                            (min-width: 1400px) 575px,\n                            (min-width: 1200px) 485px,\n                            (min-width: 992px) 395px,\n                            (min-width: 768px) 275px,\n                            100vw\n                                                        \"\n                        >\n                    <\/div>\n                                                                                            <div class=\"content-wrapper\">\n                                    <\/div>              \n            <\/div>\n            \n            <div class=\"col-md-6 col-right col-text\">\n                                <div class=\"content-wrapper\">\n                                                                    <div class=\"title\">02<\/div>\n                                                <div class=\"content\">\n                                                        <div class=\"text font-13px\"><h3>2. Material som vi inte beh\u00f6ver anv\u00e4nda<\/h3>\n<p>Tv\u00e5a p\u00e5 listan \u00e4r de material som aldrig kommer till byggplatsen genom att optimera ett projekt. Med andra ord: de material som vi kan undvika att anv\u00e4nda. Han f\u00f6rklarar: \u201dGenom att designa med resurseffektivitet i fokus kan vi skapa byggnader som \u00e4r strukturellt sunda, vackra och \u00e4ndam\u00e5lsenliga \u2013 samtidigt som vi anv\u00e4nder s\u00e5 f\u00e5 material som m\u00f6jligt.\u201d<\/p>\n<p>Ola p\u00e5pekar att detta ocks\u00e5 inneb\u00e4r att vara \u00f6ppen i materialvalsprocessen, f\u00f6r att n\u00e5 v\u00e5ra m\u00e5l m\u00e5ste vi inte bara fokusera p\u00e5 h\u00e5llbara material, utan ocks\u00e5 p\u00e5 hur vi anv\u00e4nder dem. \u201dIbland kan effektivitet ta formen av hybridl\u00f6sningar; till exempel tr\u00e4 i kombination med andra material eller olika former av industriell tr\u00e4teknik. Och l\u00e5ta materialen vara synliga i sitt r\u00e5a tillst\u00e5nd, snarare \u00e4n att t\u00e4cka dem med fler element.\u201d<\/p>\n<\/div>\n                                                                                <\/div>\n                                    <\/div>              \n            <\/div>\n            \n        <\/div>\n    <\/div>\n<\/section>\n\n\n\n<section class=\"image-plus-text\">\n    <div class=\"container\">\n        <div class=\"row\">\n            \n            <div class=\"col-md-6 col-left col-text\">\n                                <div class=\"content-wrapper\">\n                                                                    <div class=\"title\">03<\/div>\n                                                <div class=\"content\">\n                                                        <div class=\"text font-13px\"><h3>3. Materialen som redan finns d\u00e4r<\/h3>\n<p>\u00c5teranv\u00e4ndning av befintliga material b\u00f6r vara utg\u00e5ngspunkten f\u00f6r alla projekt enligt Ola. Vare sig det handlar om element som redan finns p\u00e5 platsen eller om material som har \u00e5teranv\u00e4nts fr\u00e5n andra byggnader, b\u00f6r allting helst f\u00e5 ett nytt liv. Han f\u00f6rklarar: \u201dEn av f\u00f6rdelarna med att erbjuda integrerade tj\u00e4nster \u00e4r att vi kan \u00e5teranv\u00e4nda material inom alla discipliner; arkitektur, inredning och landskapsarkitektur. Precis som med ett lappt\u00e4cke unders\u00f6ker vi m\u00f6jligheten att ta vara p\u00e5 rester fr\u00e5n andra projekt.\u201d <\/p>\n<p>Detta \u00e4r dock ingen l\u00e4tt uppgift, s\u00e4rskilt med tanke p\u00e5 bygglovsrestriktioner: \u201dProblemet \u00e4r att vi inte alltid kan ange i f\u00f6rv\u00e4g hur den slutliga designen kommer att se ut n\u00e4r vi anv\u00e4nder \u00e5teranv\u00e4nda byggnadsmaterial: det beror p\u00e5 vad som \u00e4r tillg\u00e4ngligt f\u00f6r oss vid den tidpunkten.\u201d En framg\u00e5ngshistoria \u00e4r dock den \u00e5tervunna kopparfasaden till <a href=\"https:\/\/gustafs.com\/sv\/projects\/carlsbergs-head-office\/\">Carlsbergs huvudkontor i K\u00f6penhamn<\/a>. \u201dDet fanns ett visst motst\u00e5nd mot detta, men vi gjorde det och det ser bra ut!\u201d<\/p>\n<p>Ola menar att det kanske m\u00e5ste g\u00f6ras vissa estetiska kompromisser: \u201dJag tror att det \u00e4r m\u00f6jligt att \u00e4ndra v\u00e5r uppfattning om vad arkitektur kan vara; kanske kan den vara mindre formell? Genom att i allt st\u00f6rre utstr\u00e4ckning anv\u00e4nda \u00e5teranv\u00e4nda material kan man f\u00e5 fasader som ser ut och k\u00e4nns annorlunda. Det kan i sin tur p\u00e5verka beteenden; hur vi agerar och vill agera i v\u00e5r byggda milj\u00f6, vilket kan leda till mer positiva f\u00f6r\u00e4ndringar.\u201d<\/p>\n<\/div>\n                                                                                <\/div>\n                                    <\/div>              \n            <\/div>\n            \n            <div class=\"col-md-6 col-right col-image\">\n                                                        <div class=\"image \">\n                        <img decoding=\"async\"\n                            src=\"https:\/\/gustafs.com\/wp-content\/uploads\/2022\/02\/cf-moller-natural-materials-645x810.jpg\"\n                            alt=\"\"\n                            srcset=\"https:\/\/gustafs.com\/wp-content\/uploads\/2022\/02\/cf-moller-natural-materials-240x300.jpg 240w, https:\/\/gustafs.com\/wp-content\/uploads\/2022\/02\/cf-moller-natural-materials-818x1024.jpg 818w, https:\/\/gustafs.com\/wp-content\/uploads\/2022\/02\/cf-moller-natural-materials-768x962.jpg 768w, https:\/\/gustafs.com\/wp-content\/uploads\/2022\/02\/cf-moller-natural-materials-720x900.jpg 720w, https:\/\/gustafs.com\/wp-content\/uploads\/2022\/02\/cf-moller-natural-materials-645x810.jpg 645w, https:\/\/gustafs.com\/wp-content\/uploads\/2022\/02\/cf-moller-natural-materials-380x475.jpg 380w, https:\/\/gustafs.com\/wp-content\/uploads\/2022\/02\/cf-moller-natural-materials.jpg 1030w\"\n                            sizes=\"\n                                                        (min-width: 1440px) 635px,\n                            (min-width: 1400px) 575px,\n                            (min-width: 1200px) 485px,\n                            (min-width: 992px) 395px,\n                            (min-width: 768px) 275px,\n                            100vw\n                                                        \"\n                        >\n                    <\/div>\n                                                                                            <div class=\"content-wrapper\">\n                                    <\/div>              \n            <\/div>\n            \n        <\/div>\n    <\/div>\n<\/section>\n\n\n<section class=\"icon-plus-text\">\n    <div class=\"row\">\n                        <div class=\"col-xl-6 col-lg-12\">\n            <div class=\"inner\">\n                <div class=\"image\">\n                    <img decoding=\"async\" src=\"\" alt=\"\">\n                <\/div>\n                <div class=\"content\"><h5>Prenumerera p\u00e5 fler Gustafs Stories<\/h5>\n<a href=\"#modal\" class=\"button\">PRENUMERERA<\/a>\n\n<div class=\"modal\">\n    <h5>Stories Subscription<\/h5>\n    <\/p>\n<p><!-- SharpSpring Form for Newsletter subscription - SE --><br \/>\n<script type=\"text\/javascript\">\nvar ss_form = {'account': 'MzawMLEwsTSwAAA', 'formID': 'SzU0SDE2NjPTtbQwtNQ1MTJL0bU0TjPVtUy1ME9KtTRMNrBMAQA'};\nss_form.width = '100%';\nss_form.domain = 'app-3QNO6NBLL8.marketingautomation.services';\n\/\/ ss_form.hidden = {'field_id': 'value'}; \/\/ Modify this for sending hidden variables, or overriding values\n\/\/ ss_form.target_id = 'target'; \/\/ Optional parameter: forms will be placed inside the element with the specified id\n\/\/ ss_form.polling = true; \/\/ Optional parameter: set to true ONLY if your page loads dynamically and the id needs to be polled continually.\n<\/script><br \/>\n<script type=\"text\/javascript\" src=\"https:\/\/koi-3QNO6NBLL8.marketingautomation.services\/client\/form.js?ver=2.0.1\"><\/script><\/p>\n<p><\/div>\n\n<div class=\"modal-overlay\"><\/div>\n\n<\/div>\n            <\/div>\n        <\/div>\n                        <div class=\"col-xl-6 col-lg-12\">\n            <div class=\"inner\">\n                <div class=\"image\">\n                    <img decoding=\"async\" src=\"\" alt=\"\">\n                <\/div>\n                <div class=\"content\"><h5>Mer l\u00e4sning<\/h5>\n<p><a class=\"button\" href=\"https:\/\/gustafs.com\/sv\/knowledge-hub\/hallbarhet\/\">GUSTAFS H\u00c5LLBARHETSARBETE SUSTAINABILITY<\/a><\/p>\n<\/div>\n            <\/div>\n        <\/div>\n            <\/div>\n<\/section>\n\n\n\n<p><\/p>\n","protected":false},"excerpt":{"rendered":"<p>C.F. M\u00f8llers Ola Jonsson om att omv\u00e4rdera byggmaterial.<\/p>\n","protected":false},"featured_media":2722,"comment_status":"closed","ping_status":"closed","template":"","story-type":[],"story-topic":[],"class_list":["post-14744","stories","type-stories","status-publish","has-post-thumbnail","hentry"],"acf":[],"yoast_head":"<!-- This site is optimized with the Yoast SEO plugin v25.4 - https:\/\/yoast.com\/wordpress\/plugins\/seo\/ -->\n<title>Mindre spill och mer naturliga material | Gustafs Scandinavia<\/title>\n<meta name=\"robots\" content=\"index, follow, max-snippet:-1, max-image-preview:large, max-video-preview:-1\" \/>\n<link rel=\"canonical\" href=\"https:\/\/gustafs.com\/sv\/stories\/mindre-spill-och-mer-naturliga-material\/\" \/>\n<meta property=\"og:locale\" content=\"sv_SE\" \/>\n<meta property=\"og:type\" content=\"article\" \/>\n<meta property=\"og:title\" content=\"Mindre spill och mer naturliga material | Gustafs Scandinavia\" \/>\n<meta property=\"og:description\" content=\"C.F. M\u00f8llers Ola Jonsson om att omv\u00e4rdera byggmaterial.\" \/>\n<meta property=\"og:url\" content=\"https:\/\/gustafs.com\/sv\/stories\/mindre-spill-och-mer-naturliga-material\/\" \/>\n<meta property=\"og:site_name\" content=\"Gustafs Scandinavia\" \/>\n<meta property=\"article:modified_time\" content=\"2024-03-25T09:10:08+00:00\" \/>\n<meta property=\"og:image\" content=\"https:\/\/gustafs.com\/wp-content\/uploads\/2022\/02\/ola-jonsson-on-natural-materials.jpg\" \/>\n\t<meta property=\"og:image:width\" content=\"800\" \/>\n\t<meta property=\"og:image:height\" content=\"800\" \/>\n\t<meta property=\"og:image:type\" content=\"image\/jpeg\" \/>\n<meta name=\"twitter:card\" content=\"summary_large_image\" \/>\n<meta name=\"twitter:label1\" content=\"Ber\u00e4knad l\u00e4stid\" \/>\n\t<meta name=\"twitter:data1\" content=\"1 minut\" \/>\n<script type=\"application\/ld+json\" class=\"yoast-schema-graph\">{\"@context\":\"https:\/\/schema.org\",\"@graph\":[{\"@type\":\"WebPage\",\"@id\":\"https:\/\/gustafs.com\/sv\/stories\/mindre-spill-och-mer-naturliga-material\/\",\"url\":\"https:\/\/gustafs.com\/sv\/stories\/mindre-spill-och-mer-naturliga-material\/\",\"name\":\"Mindre spill och mer naturliga material | Gustafs Scandinavia\",\"isPartOf\":{\"@id\":\"https:\/\/gustafs.com\/sv\/#website\"},\"primaryImageOfPage\":{\"@id\":\"https:\/\/gustafs.com\/sv\/stories\/mindre-spill-och-mer-naturliga-material\/#primaryimage\"},\"image\":{\"@id\":\"https:\/\/gustafs.com\/sv\/stories\/mindre-spill-och-mer-naturliga-material\/#primaryimage\"},\"thumbnailUrl\":\"https:\/\/gustafs.com\/wp-content\/uploads\/2022\/02\/ola-jonsson-on-natural-materials.jpg\",\"datePublished\":\"2022-01-28T16:56:00+00:00\",\"dateModified\":\"2024-03-25T09:10:08+00:00\",\"breadcrumb\":{\"@id\":\"https:\/\/gustafs.com\/sv\/stories\/mindre-spill-och-mer-naturliga-material\/#breadcrumb\"},\"inLanguage\":\"sv-SE\",\"potentialAction\":[{\"@type\":\"ReadAction\",\"target\":[\"https:\/\/gustafs.com\/sv\/stories\/mindre-spill-och-mer-naturliga-material\/\"]}]},{\"@type\":\"ImageObject\",\"inLanguage\":\"sv-SE\",\"@id\":\"https:\/\/gustafs.com\/sv\/stories\/mindre-spill-och-mer-naturliga-material\/#primaryimage\",\"url\":\"https:\/\/gustafs.com\/wp-content\/uploads\/2022\/02\/ola-jonsson-on-natural-materials.jpg\",\"contentUrl\":\"https:\/\/gustafs.com\/wp-content\/uploads\/2022\/02\/ola-jonsson-on-natural-materials.jpg\",\"width\":800,\"height\":800,\"caption\":\"Ola Jonsson, Architect at C.F. M\u00f8ller Architects\"},{\"@type\":\"BreadcrumbList\",\"@id\":\"https:\/\/gustafs.com\/sv\/stories\/mindre-spill-och-mer-naturliga-material\/#breadcrumb\",\"itemListElement\":[{\"@type\":\"ListItem\",\"position\":1,\"name\":\"Gustafs\",\"item\":\"https:\/\/gustafs.com\/sv\/\"},{\"@type\":\"ListItem\",\"position\":2,\"name\":\"Mindre spill och mer naturliga material\"}]},{\"@type\":\"WebSite\",\"@id\":\"https:\/\/gustafs.com\/sv\/#website\",\"url\":\"https:\/\/gustafs.com\/sv\/\",\"name\":\"Gustafs Scandinavia\",\"description\":\"Exclusive Wooden Panels And Acoustic Panels\",\"potentialAction\":[{\"@type\":\"SearchAction\",\"target\":{\"@type\":\"EntryPoint\",\"urlTemplate\":\"https:\/\/gustafs.com\/sv\/?s={search_term_string}\"},\"query-input\":{\"@type\":\"PropertyValueSpecification\",\"valueRequired\":true,\"valueName\":\"search_term_string\"}}],\"inLanguage\":\"sv-SE\"}]}<\/script>\n<!-- \/ Yoast SEO plugin. -->","yoast_head_json":{"title":"Mindre spill och mer naturliga material | Gustafs Scandinavia","robots":{"index":"index","follow":"follow","max-snippet":"max-snippet:-1","max-image-preview":"max-image-preview:large","max-video-preview":"max-video-preview:-1"},"canonical":"https:\/\/gustafs.com\/sv\/stories\/mindre-spill-och-mer-naturliga-material\/","og_locale":"sv_SE","og_type":"article","og_title":"Mindre spill och mer naturliga material | Gustafs Scandinavia","og_description":"C.F. M\u00f8llers Ola Jonsson om att omv\u00e4rdera byggmaterial.","og_url":"https:\/\/gustafs.com\/sv\/stories\/mindre-spill-och-mer-naturliga-material\/","og_site_name":"Gustafs Scandinavia","article_modified_time":"2024-03-25T09:10:08+00:00","og_image":[{"width":800,"height":800,"url":"https:\/\/gustafs.com\/wp-content\/uploads\/2022\/02\/ola-jonsson-on-natural-materials.jpg","type":"image\/jpeg"}],"twitter_card":"summary_large_image","twitter_misc":{"Ber\u00e4knad l\u00e4stid":"1 minut"},"schema":{"@context":"https:\/\/schema.org","@graph":[{"@type":"WebPage","@id":"https:\/\/gustafs.com\/sv\/stories\/mindre-spill-och-mer-naturliga-material\/","url":"https:\/\/gustafs.com\/sv\/stories\/mindre-spill-och-mer-naturliga-material\/","name":"Mindre spill och mer naturliga material | Gustafs Scandinavia","isPartOf":{"@id":"https:\/\/gustafs.com\/sv\/#website"},"primaryImageOfPage":{"@id":"https:\/\/gustafs.com\/sv\/stories\/mindre-spill-och-mer-naturliga-material\/#primaryimage"},"image":{"@id":"https:\/\/gustafs.com\/sv\/stories\/mindre-spill-och-mer-naturliga-material\/#primaryimage"},"thumbnailUrl":"https:\/\/gustafs.com\/wp-content\/uploads\/2022\/02\/ola-jonsson-on-natural-materials.jpg","datePublished":"2022-01-28T16:56:00+00:00","dateModified":"2024-03-25T09:10:08+00:00","breadcrumb":{"@id":"https:\/\/gustafs.com\/sv\/stories\/mindre-spill-och-mer-naturliga-material\/#breadcrumb"},"inLanguage":"sv-SE","potentialAction":[{"@type":"ReadAction","target":["https:\/\/gustafs.com\/sv\/stories\/mindre-spill-och-mer-naturliga-material\/"]}]},{"@type":"ImageObject","inLanguage":"sv-SE","@id":"https:\/\/gustafs.com\/sv\/stories\/mindre-spill-och-mer-naturliga-material\/#primaryimage","url":"https:\/\/gustafs.com\/wp-content\/uploads\/2022\/02\/ola-jonsson-on-natural-materials.jpg","contentUrl":"https:\/\/gustafs.com\/wp-content\/uploads\/2022\/02\/ola-jonsson-on-natural-materials.jpg","width":800,"height":800,"caption":"Ola Jonsson, Architect at C.F. M\u00f8ller Architects"},{"@type":"BreadcrumbList","@id":"https:\/\/gustafs.com\/sv\/stories\/mindre-spill-och-mer-naturliga-material\/#breadcrumb","itemListElement":[{"@type":"ListItem","position":1,"name":"Gustafs","item":"https:\/\/gustafs.com\/sv\/"},{"@type":"ListItem","position":2,"name":"Mindre spill och mer naturliga material"}]},{"@type":"WebSite","@id":"https:\/\/gustafs.com\/sv\/#website","url":"https:\/\/gustafs.com\/sv\/","name":"Gustafs Scandinavia","description":"Exclusive Wooden Panels And Acoustic Panels","potentialAction":[{"@type":"SearchAction","target":{"@type":"EntryPoint","urlTemplate":"https:\/\/gustafs.com\/sv\/?s={search_term_string}"},"query-input":{"@type":"PropertyValueSpecification","valueRequired":true,"valueName":"search_term_string"}}],"inLanguage":"sv-SE"}]}},"_links":{"self":[{"href":"https:\/\/gustafs.com\/sv\/wp-json\/wp\/v2\/stories\/14744","targetHints":{"allow":["GET"]}}],"collection":[{"href":"https:\/\/gustafs.com\/sv\/wp-json\/wp\/v2\/stories"}],"about":[{"href":"https:\/\/gustafs.com\/sv\/wp-json\/wp\/v2\/types\/stories"}],"replies":[{"embeddable":true,"href":"https:\/\/gustafs.com\/sv\/wp-json\/wp\/v2\/comments?post=14744"}],"wp:featuredmedia":[{"embeddable":true,"href":"https:\/\/gustafs.com\/sv\/wp-json\/wp\/v2\/media\/2722"}],"wp:attachment":[{"href":"https:\/\/gustafs.com\/sv\/wp-json\/wp\/v2\/media?parent=14744"}],"wp:term":[{"taxonomy":"story-type","embeddable":true,"href":"https:\/\/gustafs.com\/sv\/wp-json\/wp\/v2\/story-type?post=14744"},{"taxonomy":"story-topic","embeddable":true,"href":"https:\/\/gustafs.com\/sv\/wp-json\/wp\/v2\/story-topic?post=14744"}],"curies":[{"name":"wp","href":"https:\/\/api.w.org\/{rel}","templated":true}]}}