{"id":33750,"date":"2025-08-13T11:22:52","date_gmt":"2025-08-13T09:22:52","guid":{"rendered":"https:\/\/gustafs.com\/?post_type=stories&#038;p=33750"},"modified":"2025-08-13T11:22:52","modified_gmt":"2025-08-13T09:22:52","slug":"studio-ulster-wirtualne-centrum-produkcyjne-swiatowej-klasy","status":"publish","type":"stories","link":"https:\/\/gustafs.com\/pl\/stories\/studio-ulster-wirtualne-centrum-produkcyjne-swiatowej-klasy\/","title":{"rendered":"Studio Ulster: Wirtualne centrum produkcyjne \u015bwiatowej klasy"},"content":{"rendered":"\r\n<section class=\"hero small\">\r\n<div class=\"swiper swiper-hero swiper-hero-autoplay\" >\r\n\t\r\n        <div class=\"swiper-wrapper\">\r\n                                    <div class=\"swiper-slide has-video\">\r\n\r\n                \r\n                                <video autoplay muted playsinline loop>\r\n                    <source src=\"https:\/\/gustafs.com\/wp-content\/uploads\/2025\/07\/studioulster-projecthero-web.mp4\" type=\"video\/mp4\">\r\n                    Your browser does not support the video tag.\r\n                <\/video>\r\n                \r\n                                <div class=\"container\">\r\n                    <div class=\"content\">\r\n                        <h1>Wirtualne centrum produkcyjne \u015bwiatowej klasy<\/h1>\n<p><a href=\"https:\/\/gustafs.com\/stories\/studio-ulster-screening-room\/\" target=\"_blank\" rel=\"noopener\">Watch the film from Studio Ulster &gt;&gt;<\/a><\/p>\n                    <\/div>\r\n                <\/div>\r\n                \r\n            <\/div>\r\n                    <\/div>\r\n        <div class=\"container\"><div class=\"swiper-pagination\"><\/div><\/div>\r\n    <\/div>\r\n<\/section>\r\n\n\n\n<h1 class=\"wp-block-heading\"><\/h1>\n\n\n\n<p class=\"has-text-align-center\" style=\"font-size:18px\">Gareth Andrews, Associate Architect w <a href=\"https:\/\/www.rpparchitects.co.uk\/\">RPP Architects<\/a>, spotka\u0142 si\u0119 z nami w <a href=\"https:\/\/www.studioulster.com\/\">Studio Ulster<\/a> i Belfast i opowiedzia\u0142 o swoich pomys\u0142ach oraz wyborze materia\u0142\u00f3w na sal\u0119 projekcyjn\u0105 studia, gdzie \u015bciany pokryto fornirowanymi orzechem w\u0142oskim panele wymiarowe firmy Gustafs.<\/p>\n\n\n\n<section class=\"image-plus-text\">\n    <div class=\"container\">\n        <div class=\"row\">\n            \n            <div class=\"col-md-6 col-left col-video\">\n                                                                                                <div class=\"video\">\n                        <video autoplay muted playsinline loop>\n                            <source src=\"https:\/\/gustafs.com\/wp-content\/uploads\/2025\/07\/ulster-web-portrait.mp4\" type=\"video\/mp4\">\n                            Your browser does not support the video tag.\n                        <\/video>\n                    <\/div>\n                                                    <div class=\"content-wrapper\">\n                                    <\/div>              \n            <\/div>\n            \n            <div class=\"col-md-6 col-right col-text\">\n                                <div class=\"content-wrapper\">\n                                                                    <div class=\"title\">PANELE \u015aCIENNE FORNIROWANE ORZECHEM<\/div>\n                                                <div class=\"content\">\n                                                        <div class=\"text font-16px\"><h2>Studio Ulster<\/h2>\n<p>Nowo otwarte Studio Ulster w Belfa\u015bcie to najnowocze\u015bniejszy wirtualny o\u015brodek produkcyjny, b\u0119d\u0105cy cz\u0119\u015bci\u0105 kompleksu studi\u00f3w filmowych w porcie w Belfa\u015bcie. Inwestycja warta 72 miliony funt\u00f3w jest efektem wsp\u00f3\u0142pracy Uniwersytetu Ulster i Komisji Portowej w Belfa\u015bcie. Studio o powierzchni ponad 75 000 metr\u00f3w kwadratowych mie\u015bci kilka wirtualnych scen produkcyjnych, scen\u0119 do przechwytywania ruchu, studia postprodukcyjne oraz sal\u0119 projekcyjn\u0105.  <\/p>\n<p>Zaprojektowanie budynku powierzono pracowni RPP Architects, a jej g\u0142\u00f3wnym za\u0142o\u017ceniem dla sali projekcyjnej w centrum budynku by\u0142o zapewnienie \u201eciep\u0142ej, przytulnej, kameralnej i komfortowej przestrzeni\u201d. Na \u015bcianach sali zastosowano panele Gustafs \u2013 zar\u00f3wno g\u0142adkie, jak i z nanoperforacj\u0105 \u2013 wykonane na zam\u00f3wienie, aby spe\u0142ni\u0107 wymagania akustyczne, a tak\u017ce nada\u0107 pomieszczeniu ciep\u0142o i po\u017c\u0105dany nastr\u00f3j. <\/p>\n<p>Kliknij poni\u017cszy link, aby obejrze\u0107 ca\u0142y film, w kt\u00f3rym Gareth Andrews z RPP dzieli si\u0119 swoimi przemy\u015bleniami na temat projektu i wsp\u00f3\u0142pracy z Gustafs i naszym brytyjskim dystrybutorem LSA.<\/p>\n<p><a class=\"button\" href=\"https:\/\/youtu.be\/fJy2QBzwx6k\">OBEJRZYJ FILM ZE STUDIO ULSTER<\/a><\/p>\n<\/div>\n                                                                                <\/div>\n                                    <\/div>              \n            <\/div>\n            \n        <\/div>\n    <\/div>\n<\/section>\n","protected":false},"excerpt":{"rendered":"<p>Gareth Andrews, architekt wsp\u00f3\u0142pracuj\u0105cy z RPP Architects, spotka\u0142 si\u0119 z nami w Studio Ulster i Belfast i opowiedzia\u0142 nam o swoich pomys\u0142ach oraz wyborze materia\u0142\u00f3w do sali projekcyjnej, kt\u00f3rej \u015bciany pokryto fornirowanymi orzechem panelami tr\u00f3jwymiarowymi firmy Gustafs.<\/p>\n","protected":false},"featured_media":33785,"comment_status":"open","ping_status":"closed","template":"","story-type":[522],"story-topic":[526,528,520,521],"class_list":["post-33750","stories","type-stories","status-publish","has-post-thumbnail","hentry","story-type-historie","story-topic-aktualnosci-projektowe","story-topic-akustyka","story-topic-projekt","story-topic-wywiad"],"acf":[],"yoast_head":"<!-- This site is optimized with the Yoast SEO plugin v25.4 - https:\/\/yoast.com\/wordpress\/plugins\/seo\/ -->\n<title>Studio Ulster: Wirtualne centrum produkcyjne \u015bwiatowej klasy | Gustafs<\/title>\n<meta name=\"description\" content=\"Gareth Andrews z RPP Architects opowiada o wyborze paneli Gustafs w sali projekcyjnej Studio Ulster w Belfa\u015bcie.\" \/>\n<meta name=\"robots\" content=\"index, follow, max-snippet:-1, max-image-preview:large, max-video-preview:-1\" \/>\n<link rel=\"canonical\" href=\"https:\/\/gustafs.com\/pl\/stories\/studio-ulster-wirtualne-centrum-produkcyjne-swiatowej-klasy\/\" \/>\n<meta property=\"og:locale\" content=\"pl_PL\" \/>\n<meta property=\"og:type\" content=\"article\" \/>\n<meta property=\"og:title\" content=\"Studio Ulster: Wirtualne centrum produkcyjne \u015bwiatowej klasy | Gustafs\" \/>\n<meta property=\"og:description\" content=\"Gareth Andrews z RPP Architects opowiada o wyborze paneli Gustafs w sali projekcyjnej Studio Ulster w Belfa\u015bcie.\" \/>\n<meta property=\"og:url\" content=\"https:\/\/gustafs.com\/pl\/stories\/studio-ulster-wirtualne-centrum-produkcyjne-swiatowej-klasy\/\" \/>\n<meta property=\"og:site_name\" content=\"Gustafs Scandinavia\" \/>\n<meta property=\"og:image\" content=\"https:\/\/gustafs.com\/wp-content\/uploads\/2025\/07\/studio-ulster-thumb.jpg\" \/>\n\t<meta property=\"og:image:width\" content=\"380\" \/>\n\t<meta property=\"og:image:height\" content=\"305\" \/>\n\t<meta property=\"og:image:type\" content=\"image\/jpeg\" \/>\n<meta name=\"twitter:card\" content=\"summary_large_image\" \/>\n<meta name=\"twitter:label1\" content=\"Szacowany czas czytania\" \/>\n\t<meta name=\"twitter:data1\" content=\"1 minuta\" \/>\n<script type=\"application\/ld+json\" class=\"yoast-schema-graph\">{\"@context\":\"https:\/\/schema.org\",\"@graph\":[{\"@type\":\"WebPage\",\"@id\":\"https:\/\/gustafs.com\/pl\/stories\/studio-ulster-wirtualne-centrum-produkcyjne-swiatowej-klasy\/\",\"url\":\"https:\/\/gustafs.com\/pl\/stories\/studio-ulster-wirtualne-centrum-produkcyjne-swiatowej-klasy\/\",\"name\":\"Studio Ulster: Wirtualne centrum produkcyjne \u015bwiatowej klasy | Gustafs\",\"isPartOf\":{\"@id\":\"https:\/\/gustafs.com\/pl\/#website\"},\"primaryImageOfPage\":{\"@id\":\"https:\/\/gustafs.com\/pl\/stories\/studio-ulster-wirtualne-centrum-produkcyjne-swiatowej-klasy\/#primaryimage\"},\"image\":{\"@id\":\"https:\/\/gustafs.com\/pl\/stories\/studio-ulster-wirtualne-centrum-produkcyjne-swiatowej-klasy\/#primaryimage\"},\"thumbnailUrl\":\"https:\/\/gustafs.com\/wp-content\/uploads\/2025\/07\/studio-ulster-thumb.jpg\",\"datePublished\":\"2025-08-13T09:22:52+00:00\",\"description\":\"Gareth Andrews z RPP Architects opowiada o wyborze paneli Gustafs w sali projekcyjnej Studio Ulster w Belfa\u015bcie.\",\"breadcrumb\":{\"@id\":\"https:\/\/gustafs.com\/pl\/stories\/studio-ulster-wirtualne-centrum-produkcyjne-swiatowej-klasy\/#breadcrumb\"},\"inLanguage\":\"pl-PL\",\"potentialAction\":[{\"@type\":\"ReadAction\",\"target\":[\"https:\/\/gustafs.com\/pl\/stories\/studio-ulster-wirtualne-centrum-produkcyjne-swiatowej-klasy\/\"]}]},{\"@type\":\"ImageObject\",\"inLanguage\":\"pl-PL\",\"@id\":\"https:\/\/gustafs.com\/pl\/stories\/studio-ulster-wirtualne-centrum-produkcyjne-swiatowej-klasy\/#primaryimage\",\"url\":\"https:\/\/gustafs.com\/wp-content\/uploads\/2025\/07\/studio-ulster-thumb.jpg\",\"contentUrl\":\"https:\/\/gustafs.com\/wp-content\/uploads\/2025\/07\/studio-ulster-thumb.jpg\",\"width\":380,\"height\":305},{\"@type\":\"BreadcrumbList\",\"@id\":\"https:\/\/gustafs.com\/pl\/stories\/studio-ulster-wirtualne-centrum-produkcyjne-swiatowej-klasy\/#breadcrumb\",\"itemListElement\":[{\"@type\":\"ListItem\",\"position\":1,\"name\":\"Gustafs\",\"item\":\"https:\/\/gustafs.com\/pl\/\"},{\"@type\":\"ListItem\",\"position\":2,\"name\":\"Studio Ulster: Wirtualne centrum produkcyjne \u015bwiatowej klasy\"}]},{\"@type\":\"WebSite\",\"@id\":\"https:\/\/gustafs.com\/pl\/#website\",\"url\":\"https:\/\/gustafs.com\/pl\/\",\"name\":\"Gustafs Scandinavia\",\"description\":\"Exclusive Wooden Panels And Acoustic Panels\",\"potentialAction\":[{\"@type\":\"SearchAction\",\"target\":{\"@type\":\"EntryPoint\",\"urlTemplate\":\"https:\/\/gustafs.com\/pl\/?s={search_term_string}\"},\"query-input\":{\"@type\":\"PropertyValueSpecification\",\"valueRequired\":true,\"valueName\":\"search_term_string\"}}],\"inLanguage\":\"pl-PL\"}]}<\/script>\n<!-- \/ Yoast SEO plugin. -->","yoast_head_json":{"title":"Studio Ulster: Wirtualne centrum produkcyjne \u015bwiatowej klasy | Gustafs","description":"Gareth Andrews z RPP Architects opowiada o wyborze paneli Gustafs w sali projekcyjnej Studio Ulster w Belfa\u015bcie.","robots":{"index":"index","follow":"follow","max-snippet":"max-snippet:-1","max-image-preview":"max-image-preview:large","max-video-preview":"max-video-preview:-1"},"canonical":"https:\/\/gustafs.com\/pl\/stories\/studio-ulster-wirtualne-centrum-produkcyjne-swiatowej-klasy\/","og_locale":"pl_PL","og_type":"article","og_title":"Studio Ulster: Wirtualne centrum produkcyjne \u015bwiatowej klasy | Gustafs","og_description":"Gareth Andrews z RPP Architects opowiada o wyborze paneli Gustafs w sali projekcyjnej Studio Ulster w Belfa\u015bcie.","og_url":"https:\/\/gustafs.com\/pl\/stories\/studio-ulster-wirtualne-centrum-produkcyjne-swiatowej-klasy\/","og_site_name":"Gustafs Scandinavia","og_image":[{"width":380,"height":305,"url":"https:\/\/gustafs.com\/wp-content\/uploads\/2025\/07\/studio-ulster-thumb.jpg","type":"image\/jpeg"}],"twitter_card":"summary_large_image","twitter_misc":{"Szacowany czas czytania":"1 minuta"},"schema":{"@context":"https:\/\/schema.org","@graph":[{"@type":"WebPage","@id":"https:\/\/gustafs.com\/pl\/stories\/studio-ulster-wirtualne-centrum-produkcyjne-swiatowej-klasy\/","url":"https:\/\/gustafs.com\/pl\/stories\/studio-ulster-wirtualne-centrum-produkcyjne-swiatowej-klasy\/","name":"Studio Ulster: Wirtualne centrum produkcyjne \u015bwiatowej klasy | Gustafs","isPartOf":{"@id":"https:\/\/gustafs.com\/pl\/#website"},"primaryImageOfPage":{"@id":"https:\/\/gustafs.com\/pl\/stories\/studio-ulster-wirtualne-centrum-produkcyjne-swiatowej-klasy\/#primaryimage"},"image":{"@id":"https:\/\/gustafs.com\/pl\/stories\/studio-ulster-wirtualne-centrum-produkcyjne-swiatowej-klasy\/#primaryimage"},"thumbnailUrl":"https:\/\/gustafs.com\/wp-content\/uploads\/2025\/07\/studio-ulster-thumb.jpg","datePublished":"2025-08-13T09:22:52+00:00","description":"Gareth Andrews z RPP Architects opowiada o wyborze paneli Gustafs w sali projekcyjnej Studio Ulster w Belfa\u015bcie.","breadcrumb":{"@id":"https:\/\/gustafs.com\/pl\/stories\/studio-ulster-wirtualne-centrum-produkcyjne-swiatowej-klasy\/#breadcrumb"},"inLanguage":"pl-PL","potentialAction":[{"@type":"ReadAction","target":["https:\/\/gustafs.com\/pl\/stories\/studio-ulster-wirtualne-centrum-produkcyjne-swiatowej-klasy\/"]}]},{"@type":"ImageObject","inLanguage":"pl-PL","@id":"https:\/\/gustafs.com\/pl\/stories\/studio-ulster-wirtualne-centrum-produkcyjne-swiatowej-klasy\/#primaryimage","url":"https:\/\/gustafs.com\/wp-content\/uploads\/2025\/07\/studio-ulster-thumb.jpg","contentUrl":"https:\/\/gustafs.com\/wp-content\/uploads\/2025\/07\/studio-ulster-thumb.jpg","width":380,"height":305},{"@type":"BreadcrumbList","@id":"https:\/\/gustafs.com\/pl\/stories\/studio-ulster-wirtualne-centrum-produkcyjne-swiatowej-klasy\/#breadcrumb","itemListElement":[{"@type":"ListItem","position":1,"name":"Gustafs","item":"https:\/\/gustafs.com\/pl\/"},{"@type":"ListItem","position":2,"name":"Studio Ulster: Wirtualne centrum produkcyjne \u015bwiatowej klasy"}]},{"@type":"WebSite","@id":"https:\/\/gustafs.com\/pl\/#website","url":"https:\/\/gustafs.com\/pl\/","name":"Gustafs Scandinavia","description":"Exclusive Wooden Panels And Acoustic Panels","potentialAction":[{"@type":"SearchAction","target":{"@type":"EntryPoint","urlTemplate":"https:\/\/gustafs.com\/pl\/?s={search_term_string}"},"query-input":{"@type":"PropertyValueSpecification","valueRequired":true,"valueName":"search_term_string"}}],"inLanguage":"pl-PL"}]}},"_links":{"self":[{"href":"https:\/\/gustafs.com\/pl\/wp-json\/wp\/v2\/stories\/33750","targetHints":{"allow":["GET"]}}],"collection":[{"href":"https:\/\/gustafs.com\/pl\/wp-json\/wp\/v2\/stories"}],"about":[{"href":"https:\/\/gustafs.com\/pl\/wp-json\/wp\/v2\/types\/stories"}],"replies":[{"embeddable":true,"href":"https:\/\/gustafs.com\/pl\/wp-json\/wp\/v2\/comments?post=33750"}],"wp:featuredmedia":[{"embeddable":true,"href":"https:\/\/gustafs.com\/pl\/wp-json\/wp\/v2\/media\/33785"}],"wp:attachment":[{"href":"https:\/\/gustafs.com\/pl\/wp-json\/wp\/v2\/media?parent=33750"}],"wp:term":[{"taxonomy":"story-type","embeddable":true,"href":"https:\/\/gustafs.com\/pl\/wp-json\/wp\/v2\/story-type?post=33750"},{"taxonomy":"story-topic","embeddable":true,"href":"https:\/\/gustafs.com\/pl\/wp-json\/wp\/v2\/story-topic?post=33750"}],"curies":[{"name":"wp","href":"https:\/\/api.w.org\/{rel}","templated":true}]}}